{"id":174145,"date":"2025-05-21T08:22:46","date_gmt":"2025-05-21T06:22:46","guid":{"rendered":"https:\/\/www.autismapunktsrezekne.lv\/?p=174145"},"modified":"2025-05-21T08:22:46","modified_gmt":"2025-05-21T06:22:46","slug":"brauciens-uz-cesim-un-araisiem","status":"publish","type":"post","link":"https:\/\/www.autismapunktsrezekne.lv\/en\/brauciens-uz-cesim-un-araisiem\/","title":{"rendered":"Trip to C\u0113sis and \u0100rai\u0161i!"},"content":{"rendered":"<p>On May 18, 2025, the \u201cAutism Support Point R\u0113zekne\u201d organized a trip to C\u0113sis Medieval Castle, the Holy Spring (Sv\u0113tavots), the \u0100rai\u0161i Archaeological Settlement, and \u0100rai\u0161i Windmill. On the way, we enjoyed delicious lunches and dinners at the caf\u00e9 Pas\u0113dn\u012bca and the bistro B\u0113rzkrogs.<\/p>\n<p>Upon arriving in C\u0113sis, we had lunch at Pas\u0113dn\u012bca, where we enjoyed our meal before heading out on our adventure&#8230; At the medieval castle of C\u0113sis, we walked with lit candles that illuminated the dark passages and high, narrow stairs, making us feel as if we had truly traveled back in time.<\/p>\n<p>Although we were tired, we continued to the Holy Spring, where we were welcomed by a graceful 99-year-old grandmother who told us about the rituals of the spring and its history. Then we experienced it ourselves\u2014this beautifully maintained, peaceful place. We walked barefoot through the sacred stream and filled our bottles with holy water to take with us.<\/p>\n<p>Feeling relaxed, we headed to the \u0100rai\u0161i lake settlement, where we explored some of the oldest human dwellings. It was incredibly interesting and unusual. We then visited the \u0100rai\u0161i Windmill, where we learned how the mill works, explored it, and enjoyed the beautiful nature\u2014the yellow \u201ccarpet\u201d of blooming rapeseed fields. On the way back, we had dinner at the B\u0113rzkrogs bistro.<\/p>\n<p>Heartfelt thanks \u2764\ufe0f to our sponsors and supporters\u2014CEF Recruitment SIA, our dear driver \u2764\ufe0f Vasiliy Pu\u0137inis\u0137is, who always takes us around, \u2764\ufe0f the trip organizers Sandra and Edgars \u0160ilinis, \u2764\ufe0f the parents and children for their endurance and unity\u2014who weren&#8217;t afraid of the rain and bravely faced the journey. \ud83d\udc96\ud83d\udc96\ud83d\udc96\ud83c\udf05<\/p>","protected":false},"excerpt":{"rendered":"<p>On May 18, 2025, the \u201cAutism Support Point R\u0113zekne\u201d organized a trip to C\u0113sis Medieval Castle, the Holy Spring (Sv\u0113tavots), the \u0100rai\u0161i Archaeological Settlement, and \u0100rai\u0161i Windmill. On the way, we enjoyed delicious lunches and dinners at the caf\u00e9 Pas\u0113dn\u012bca and the bistro B\u0113rzkrogs. Upon arriving in C\u0113sis, we had lunch at Pas\u0113dn\u012bca, where we [&hellip;]<\/p>\n","protected":false},"author":1,"featured_media":174146,"comment_status":"closed","ping_status":"closed","sticky":false,"template":"","format":"standard","meta":{"ngg_post_thumbnail":0,"_bbp_topic_count":0,"_bbp_reply_count":0,"_bbp_total_topic_count":0,"_bbp_total_reply_count":0,"_bbp_voice_count":0,"_bbp_anonymous_reply_count":0,"_bbp_topic_count_hidden":0,"_bbp_reply_count_hidden":0,"_bbp_forum_subforum_count":0},"categories":[1],"tags":[],"_links":{"self":[{"href":"https:\/\/www.autismapunktsrezekne.lv\/en\/wp-json\/wp\/v2\/posts\/174145"}],"collection":[{"href":"https:\/\/www.autismapunktsrezekne.lv\/en\/wp-json\/wp\/v2\/posts"}],"about":[{"href":"https:\/\/www.autismapunktsrezekne.lv\/en\/wp-json\/wp\/v2\/types\/post"}],"author":[{"embeddable":true,"href":"https:\/\/www.autismapunktsrezekne.lv\/en\/wp-json\/wp\/v2\/users\/1"}],"replies":[{"embeddable":true,"href":"https:\/\/www.autismapunktsrezekne.lv\/en\/wp-json\/wp\/v2\/comments?post=174145"}],"version-history":[{"count":1,"href":"https:\/\/www.autismapunktsrezekne.lv\/en\/wp-json\/wp\/v2\/posts\/174145\/revisions"}],"predecessor-version":[{"id":174147,"href":"https:\/\/www.autismapunktsrezekne.lv\/en\/wp-json\/wp\/v2\/posts\/174145\/revisions\/174147"}],"wp:featuredmedia":[{"embeddable":true,"href":"https:\/\/www.autismapunktsrezekne.lv\/en\/wp-json\/wp\/v2\/media\/174146"}],"wp:attachment":[{"href":"https:\/\/www.autismapunktsrezekne.lv\/en\/wp-json\/wp\/v2\/media?parent=174145"}],"wp:term":[{"taxonomy":"category","embeddable":true,"href":"https:\/\/www.autismapunktsrezekne.lv\/en\/wp-json\/wp\/v2\/categories?post=174145"},{"taxonomy":"post_tag","embeddable":true,"href":"https:\/\/www.autismapunktsrezekne.lv\/en\/wp-json\/wp\/v2\/tags?post=174145"}],"curies":[{"name":"wp","href":"https:\/\/api.w.org\/{rel}","templated":true}]}}