{"id":174160,"date":"2025-08-15T08:24:55","date_gmt":"2025-08-15T06:24:55","guid":{"rendered":"https:\/\/www.autismapunktsrezekne.lv\/?p=174160"},"modified":"2025-08-15T08:24:55","modified_gmt":"2025-08-15T06:24:55","slug":"ekskursija-uz-alises-brinumzemi","status":"publish","type":"post","link":"https:\/\/www.autismapunktsrezekne.lv\/en\/ekskursija-uz-alises-brinumzemi\/","title":{"rendered":"Excursion to Alice&#8217;s Wonderland."},"content":{"rendered":"<p>13.08.25, 1st day of the 24-hour camp &#8220;DEK\u0160\u0100RES 2025&#8221; of the Association &#8220;Autism Support Center in R\u0113zekn\u0113&#8221;. The trip to Estonia &#8220;Alice&#8217;s Wonderland&#8221;, which is a very beautiful and visually enjoyable place, we got a lot of positive impressions and overall great satisfaction with the trip. Thanks to the supporters of &#8220;Autism Support Center in R\u0113zekn\u0113&#8221;! Organizers Edgars, Sandra \u0160ilins. Vas\u012blijs Pu\u0137iniskis for inviting us. Aivars Kaupu\u017es for arranging and organizing the camp site. To all parents for being together and being patient!\ud83d\ude0d\ud83e\udd70\ud83e\udde1\ud83d\udc9b\ud83d\udc9a\ud83e\ude77\u2764\ufe0f\ud83d\udc99<\/p>","protected":false},"excerpt":{"rendered":"<p>13.08.25, 1st day of the 24-hour camp &#8220;DEK\u0160\u0100RES 2025&#8221; of the Association &#8220;Autism Support Center in R\u0113zekn\u0113&#8221;. The trip to Estonia &#8220;Alice&#8217;s Wonderland&#8221;, which is a very beautiful and visually enjoyable place, we got a lot of positive impressions and overall great satisfaction with the trip. Thanks to the supporters of &#8220;Autism Support Center in [&hellip;]<\/p>\n","protected":false},"author":1,"featured_media":174161,"comment_status":"closed","ping_status":"closed","sticky":false,"template":"","format":"standard","meta":{"ngg_post_thumbnail":0,"_bbp_topic_count":0,"_bbp_reply_count":0,"_bbp_total_topic_count":0,"_bbp_total_reply_count":0,"_bbp_voice_count":0,"_bbp_anonymous_reply_count":0,"_bbp_topic_count_hidden":0,"_bbp_reply_count_hidden":0,"_bbp_forum_subforum_count":0},"categories":[1],"tags":[],"_links":{"self":[{"href":"https:\/\/www.autismapunktsrezekne.lv\/en\/wp-json\/wp\/v2\/posts\/174160"}],"collection":[{"href":"https:\/\/www.autismapunktsrezekne.lv\/en\/wp-json\/wp\/v2\/posts"}],"about":[{"href":"https:\/\/www.autismapunktsrezekne.lv\/en\/wp-json\/wp\/v2\/types\/post"}],"author":[{"embeddable":true,"href":"https:\/\/www.autismapunktsrezekne.lv\/en\/wp-json\/wp\/v2\/users\/1"}],"replies":[{"embeddable":true,"href":"https:\/\/www.autismapunktsrezekne.lv\/en\/wp-json\/wp\/v2\/comments?post=174160"}],"version-history":[{"count":1,"href":"https:\/\/www.autismapunktsrezekne.lv\/en\/wp-json\/wp\/v2\/posts\/174160\/revisions"}],"predecessor-version":[{"id":174162,"href":"https:\/\/www.autismapunktsrezekne.lv\/en\/wp-json\/wp\/v2\/posts\/174160\/revisions\/174162"}],"wp:featuredmedia":[{"embeddable":true,"href":"https:\/\/www.autismapunktsrezekne.lv\/en\/wp-json\/wp\/v2\/media\/174161"}],"wp:attachment":[{"href":"https:\/\/www.autismapunktsrezekne.lv\/en\/wp-json\/wp\/v2\/media?parent=174160"}],"wp:term":[{"taxonomy":"category","embeddable":true,"href":"https:\/\/www.autismapunktsrezekne.lv\/en\/wp-json\/wp\/v2\/categories?post=174160"},{"taxonomy":"post_tag","embeddable":true,"href":"https:\/\/www.autismapunktsrezekne.lv\/en\/wp-json\/wp\/v2\/tags?post=174160"}],"curies":[{"name":"wp","href":"https:\/\/api.w.org\/{rel}","templated":true}]}}