{"id":174166,"date":"2025-09-10T12:48:28","date_gmt":"2025-09-10T10:48:28","guid":{"rendered":"https:\/\/www.autismapunktsrezekne.lv\/?p=174166"},"modified":"2025-09-10T12:48:28","modified_gmt":"2025-09-10T10:48:28","slug":"alises-brinumzemes-parks-igaunija","status":"publish","type":"post","link":"https:\/\/www.autismapunktsrezekne.lv\/en\/alises-brinumzemes-parks-igaunija\/","title":{"rendered":"&#8221;Alice in Wonderland&#8221; park in Estonia!"},"content":{"rendered":"<p>13.08.25,, Autism Support Center in R\u0113zekne,,trip to Estonia,,Alice&#8217;s Wonderland,, and some camp participants settling in at Dek\u0161\u0101re school. On the 1st day of the camp.,,Alice&#8217;s Wonderland,, is a very beautiful and visually enjoyable place, we got a lot of positive impressions and overall great satisfaction with the trip. Thank you to the supporters of,,Autism Support Center in R\u0113zekne,,! Organizers Edgars, Sandra \u0160ilins. Vas\u012blijs Pu\u0137iniskis for inviting us. Aivars Kaupu\u017es for setting up and organizing the camp site. To all parents for being together and being patient!\ud83d\ude0d\ud83e\udd70\ud83e\udde1\ud83d\udc9b\ud83d\udc9a\ud83e\ude77\u2764\ufe0f\ud83d\udc99<\/p>","protected":false},"excerpt":{"rendered":"<p>13.08.25,, Autism Support Center in R\u0113zekne,,trip to Estonia,,Alice&#8217;s Wonderland,, and some camp participants settling in at Dek\u0161\u0101re school. On the 1st day of the camp.,,Alice&#8217;s Wonderland,, is a very beautiful and visually enjoyable place, we got a lot of positive impressions and overall great satisfaction with the trip. Thank you to the supporters of,,Autism Support [&hellip;]<\/p>\n","protected":false},"author":1,"featured_media":174167,"comment_status":"closed","ping_status":"closed","sticky":false,"template":"","format":"standard","meta":{"ngg_post_thumbnail":0,"_bbp_topic_count":0,"_bbp_reply_count":0,"_bbp_total_topic_count":0,"_bbp_total_reply_count":0,"_bbp_voice_count":0,"_bbp_anonymous_reply_count":0,"_bbp_topic_count_hidden":0,"_bbp_reply_count_hidden":0,"_bbp_forum_subforum_count":0},"categories":[1],"tags":[],"_links":{"self":[{"href":"https:\/\/www.autismapunktsrezekne.lv\/en\/wp-json\/wp\/v2\/posts\/174166"}],"collection":[{"href":"https:\/\/www.autismapunktsrezekne.lv\/en\/wp-json\/wp\/v2\/posts"}],"about":[{"href":"https:\/\/www.autismapunktsrezekne.lv\/en\/wp-json\/wp\/v2\/types\/post"}],"author":[{"embeddable":true,"href":"https:\/\/www.autismapunktsrezekne.lv\/en\/wp-json\/wp\/v2\/users\/1"}],"replies":[{"embeddable":true,"href":"https:\/\/www.autismapunktsrezekne.lv\/en\/wp-json\/wp\/v2\/comments?post=174166"}],"version-history":[{"count":1,"href":"https:\/\/www.autismapunktsrezekne.lv\/en\/wp-json\/wp\/v2\/posts\/174166\/revisions"}],"predecessor-version":[{"id":174168,"href":"https:\/\/www.autismapunktsrezekne.lv\/en\/wp-json\/wp\/v2\/posts\/174166\/revisions\/174168"}],"wp:featuredmedia":[{"embeddable":true,"href":"https:\/\/www.autismapunktsrezekne.lv\/en\/wp-json\/wp\/v2\/media\/174167"}],"wp:attachment":[{"href":"https:\/\/www.autismapunktsrezekne.lv\/en\/wp-json\/wp\/v2\/media?parent=174166"}],"wp:term":[{"taxonomy":"category","embeddable":true,"href":"https:\/\/www.autismapunktsrezekne.lv\/en\/wp-json\/wp\/v2\/categories?post=174166"},{"taxonomy":"post_tag","embeddable":true,"href":"https:\/\/www.autismapunktsrezekne.lv\/en\/wp-json\/wp\/v2\/tags?post=174166"}],"curies":[{"name":"wp","href":"https:\/\/api.w.org\/{rel}","templated":true}]}}