{"id":174194,"date":"2026-01-06T12:48:43","date_gmt":"2026-01-06T10:48:43","guid":{"rendered":"https:\/\/www.autismapunktsrezekne.lv\/?p=174194"},"modified":"2026-01-06T12:48:43","modified_gmt":"2026-01-06T10:48:43","slug":"biedribas-ziemassvetku-pasakums-4","status":"publish","type":"post","link":"https:\/\/www.autismapunktsrezekne.lv\/en\/biedribas-ziemassvetku-pasakums-4\/","title":{"rendered":"Society Christmas event!"},"content":{"rendered":"<p>29.12.25., ,,Autism Support Center in Rezekne,, The New Year&#8217;s Eve celebration began with the beautiful songs of the \u2764\ufe0fTikhomirov family, one of which we all sang together. Then the New Year&#8217;s miracle show of the ,,VikiShow-animators in Rezekne, began, during which children and parents exercised, danced, rode a train, felt the miracle of the holiday, rejoiced together with Labuba, Unicorn, Deer, called Santa Claus and, having met him, recited poems, received gifts. The event took place in a warm, kind atmosphere and pleased everyone with the joy of being together.<br \/>\nFrom the bottom of our hearts \u2764\ufe0f we thank ,,VikiShow,, \ud83e\udd70SIA CEF Recruitment, \ud83e\udd70SIA WEMPS,SIA\ud83e\udd70 SOLARE,\ud83e\udd70SIA ,,I.R.Gr\u0101matved\u012bba,,, Jev\u0113nija Cvetkova for arranging the annual sweets and other supporters and benefactors. From the bottom of our hearts \u2764\ufe0f we say a big thank you for the premises to the 5th grade director \u2764\ufe0fV.Poik\u0101ne. Always for the helpful, kind support \u2764\ufe0fAivars Kaupu\u017eas, as well as for the daily work of the teachers Aivars,\ud83e\udde1Aldis,\ud83e\udde1Ilona,\ud83e\udde1Aina,\ud83e\udde1Iveta,\ud83e\udde1Lillija,\ud83e\udde1Viktor,\ud83e\udde1M\u0101ris.\ud83e\udde1To the parents and children who come to the classes for their patience, endurance\ud83e\udde1. To Edgars \u0160ilins for maintaining the association,\ud83e\udde1Sandra for her ideas and work. Thank you all for the mutual gifts and warm hearts. May the New Year bring health and what every heart desires most!<\/p>","protected":false},"excerpt":{"rendered":"<p>29.12.25., ,,Autism Support Center in Rezekne,, The New Year&#8217;s Eve celebration began with the beautiful songs of the \u2764\ufe0fTikhomirov family, one of which we all sang together. Then the New Year&#8217;s miracle show of the ,,VikiShow-animators in Rezekne, began, during which children and parents exercised, danced, rode a train, felt the miracle of the holiday, [&hellip;]<\/p>\n","protected":false},"author":1,"featured_media":174195,"comment_status":"closed","ping_status":"closed","sticky":false,"template":"","format":"standard","meta":{"ngg_post_thumbnail":0,"_bbp_topic_count":0,"_bbp_reply_count":0,"_bbp_total_topic_count":0,"_bbp_total_reply_count":0,"_bbp_voice_count":0,"_bbp_anonymous_reply_count":0,"_bbp_topic_count_hidden":0,"_bbp_reply_count_hidden":0,"_bbp_forum_subforum_count":0},"categories":[1],"tags":[],"_links":{"self":[{"href":"https:\/\/www.autismapunktsrezekne.lv\/en\/wp-json\/wp\/v2\/posts\/174194"}],"collection":[{"href":"https:\/\/www.autismapunktsrezekne.lv\/en\/wp-json\/wp\/v2\/posts"}],"about":[{"href":"https:\/\/www.autismapunktsrezekne.lv\/en\/wp-json\/wp\/v2\/types\/post"}],"author":[{"embeddable":true,"href":"https:\/\/www.autismapunktsrezekne.lv\/en\/wp-json\/wp\/v2\/users\/1"}],"replies":[{"embeddable":true,"href":"https:\/\/www.autismapunktsrezekne.lv\/en\/wp-json\/wp\/v2\/comments?post=174194"}],"version-history":[{"count":1,"href":"https:\/\/www.autismapunktsrezekne.lv\/en\/wp-json\/wp\/v2\/posts\/174194\/revisions"}],"predecessor-version":[{"id":174196,"href":"https:\/\/www.autismapunktsrezekne.lv\/en\/wp-json\/wp\/v2\/posts\/174194\/revisions\/174196"}],"wp:featuredmedia":[{"embeddable":true,"href":"https:\/\/www.autismapunktsrezekne.lv\/en\/wp-json\/wp\/v2\/media\/174195"}],"wp:attachment":[{"href":"https:\/\/www.autismapunktsrezekne.lv\/en\/wp-json\/wp\/v2\/media?parent=174194"}],"wp:term":[{"taxonomy":"category","embeddable":true,"href":"https:\/\/www.autismapunktsrezekne.lv\/en\/wp-json\/wp\/v2\/categories?post=174194"},{"taxonomy":"post_tag","embeddable":true,"href":"https:\/\/www.autismapunktsrezekne.lv\/en\/wp-json\/wp\/v2\/tags?post=174194"}],"curies":[{"name":"wp","href":"https:\/\/api.w.org\/{rel}","templated":true}]}}