{"id":1000,"date":"2016-09-13T15:14:31","date_gmt":"2016-09-13T13:14:31","guid":{"rendered":"http:\/\/www.autismsrezekne.lv\/?p=1000"},"modified":"2016-09-20T09:00:00","modified_gmt":"2016-09-20T07:00:00","slug":"adama-un-aleksandras-brauciens-uz-sanktpeterburgu","status":"publish","type":"post","link":"https:\/\/www.autismapunktsrezekne.lv\/lv\/adama-un-aleksandras-brauciens-uz-sanktpeterburgu\/","title":{"rendered":"\u0100dama un Aleksandras brauciens uz Sanktp\u0113terburgu"},"content":{"rendered":"<p>Mazliet par braucienu uz centru &#8220;Prognoz&#8221;. P\u0113c konsult\u0101cijas pie neirologa Aleksandra Munkujeva, kur\u0161 ieteica mums doties uz \u0161o centru P\u0113terburg\u0101, m\u0113s pak\u0101peniski s\u0101k\u0101m posties ce\u013c\u0101. Pateicoties labiem cilv\u0113kiem, m\u0113s sp\u0113j\u0101m aizbraukt, lai izietu \u0101rst\u0113\u0161an\u0101s kursu \u0100damam un Aleksandrai.<br \/>\nPirmaj\u0101 dien\u0101 bija izmekl\u0113jumi pie speci\u0101listiem. Varu pateikt vienu, ka var\u0113ju sal\u012bdzin\u0101t, ko tie\u0161\u0101m noz\u012bm\u0113 speci\u0101lists sav\u0101 nozar\u0113&#8230; \u0100damam tika noz\u012bm\u0113tas t\u0101das proced\u016bras k\u0101: TOMATIS,MIKROPOLARIZ\u0100CIJA, ABA TERAPIJA, veica elektroencelografiju, galvas smadze\u0146u, kakla, mugurkaula un asinsvadu dopleragr\u0101fiju. Aleksandrai: TOMATIS, EEG NAKTS MONITORINGS. Mums tika no\u0146emta LV uzstad\u012bt\u0101 epilepsijas esam\u012bba un izsl\u0113dza autismu, uzst\u0101dot citu diagnozi. Abi b\u0113rni ir run\u0101tsp\u0113j\u012b\u0123i, tikai j\u0101mekl\u0113 labs logop\u0113ds tepat Latvij\u0101, kas sp\u0113s ikdien\u0101 intens\u012bvi darboties ar \u0100damu un Aleksandru.. M\u0113s b\u016btu \u013coti pateic\u012bgi, ja k\u0101ds var\u0113tu mums ieteikt k\u0101du labu logop\u0113du, kur\u0161 sp\u0113tu pal\u012bdz\u0113t maniem b\u0113rniem&#8230;.<br \/>\nEs \u013coti pateicos par doto ies\u0113ju. Liels paldies &#8220;Autisma atbalsta punktam R\u0113zekn\u0113&#8221; par \u0161\u012b brauciena organiz\u0113\u0161anu. Un milz\u012bgs paldies visiem, kas ziedoja, kas rakst\u012bja un zvan\u012bja, paldies, ka bij\u0101t ar mums ar\u012b brauciena laik\u0101, interes\u0113j\u0101ties un atbalst\u012bj\u0101t. Man prieks, ka labu cilv\u0113ku ir tik daudz, paldies, ka J\u016bs esat ar lab\u0101m dom\u0101m, v\u0101rdiem un darbiem&#8230;<br \/>\nSarm\u012bte Bod\u017ea, \u0100dama un Aleksandras mamma<\/p>","protected":false},"excerpt":{"rendered":"<p>Mazliet par braucienu uz centru &#8220;Prognoz&#8221;. P\u0113c konsult\u0101cijas pie neirologa Aleksandra Munkujeva, kur\u0161 ieteica mums doties uz \u0161o centru P\u0113terburg\u0101, m\u0113s pak\u0101peniski s\u0101k\u0101m posties ce\u013c\u0101. Pateicoties labiem cilv\u0113kiem, m\u0113s sp\u0113j\u0101m aizbraukt, lai izietu \u0101rst\u0113\u0161an\u0101s kursu \u0100damam un Aleksandrai. Pirmaj\u0101 dien\u0101 bija izmekl\u0113jumi pie speci\u0101listiem. Varu pateikt vienu, ka var\u0113ju sal\u012bdzin\u0101t, ko tie\u0161\u0101m noz\u012bm\u0113 speci\u0101lists sav\u0101 [&hellip;]<\/p>\n","protected":false},"author":1,"featured_media":1001,"comment_status":"closed","ping_status":"closed","sticky":false,"template":"","format":"standard","meta":{"ngg_post_thumbnail":0,"_bbp_topic_count":0,"_bbp_reply_count":0,"_bbp_total_topic_count":0,"_bbp_total_reply_count":0,"_bbp_voice_count":0,"_bbp_anonymous_reply_count":0,"_bbp_topic_count_hidden":0,"_bbp_reply_count_hidden":0,"_bbp_forum_subforum_count":0},"categories":[1],"tags":[],"_links":{"self":[{"href":"https:\/\/www.autismapunktsrezekne.lv\/lv\/wp-json\/wp\/v2\/posts\/1000"}],"collection":[{"href":"https:\/\/www.autismapunktsrezekne.lv\/lv\/wp-json\/wp\/v2\/posts"}],"about":[{"href":"https:\/\/www.autismapunktsrezekne.lv\/lv\/wp-json\/wp\/v2\/types\/post"}],"author":[{"embeddable":true,"href":"https:\/\/www.autismapunktsrezekne.lv\/lv\/wp-json\/wp\/v2\/users\/1"}],"replies":[{"embeddable":true,"href":"https:\/\/www.autismapunktsrezekne.lv\/lv\/wp-json\/wp\/v2\/comments?post=1000"}],"version-history":[{"count":6,"href":"https:\/\/www.autismapunktsrezekne.lv\/lv\/wp-json\/wp\/v2\/posts\/1000\/revisions"}],"predecessor-version":[{"id":1009,"href":"https:\/\/www.autismapunktsrezekne.lv\/lv\/wp-json\/wp\/v2\/posts\/1000\/revisions\/1009"}],"wp:featuredmedia":[{"embeddable":true,"href":"https:\/\/www.autismapunktsrezekne.lv\/lv\/wp-json\/wp\/v2\/media\/1001"}],"wp:attachment":[{"href":"https:\/\/www.autismapunktsrezekne.lv\/lv\/wp-json\/wp\/v2\/media?parent=1000"}],"wp:term":[{"taxonomy":"category","embeddable":true,"href":"https:\/\/www.autismapunktsrezekne.lv\/lv\/wp-json\/wp\/v2\/categories?post=1000"},{"taxonomy":"post_tag","embeddable":true,"href":"https:\/\/www.autismapunktsrezekne.lv\/lv\/wp-json\/wp\/v2\/tags?post=1000"}],"curies":[{"name":"wp","href":"https:\/\/api.w.org\/{rel}","templated":true}]}}