{"id":1024,"date":"2016-12-07T14:09:41","date_gmt":"2016-12-07T12:09:41","guid":{"rendered":"http:\/\/www.autismsrezekne.lv\/?p=1024"},"modified":"2017-01-12T15:18:11","modified_gmt":"2017-01-12T13:18:11","slug":"mes-varam-mes-daram","status":"publish","type":"post","link":"https:\/\/www.autismapunktsrezekne.lv\/lv\/mes-varam-mes-daram\/","title":{"rendered":"M\u0112S VARAM! M\u0112S DAR\u0100M!"},"content":{"rendered":"<p>https:\/\/www.youtube.com\/watch?v=ZO86KBstpTY<\/p>\n<p>M\u0112S LEPOJAMIES AR SAVIEM M\u012a\u013bAJIEM AKTIERIEM! MILZ\u012aGS PALDIES ANDRIM U\u0160PELIM UN IVETAI \u0136EPULEI PAR IEGULD\u012aTO DARBU UN VISIEM VEC\u0100KIEM PAR PACIET\u012aBU UN IZTUR\u012aBU! MUMS KOP\u0100 IZDEV\u0100S \u012aPA\u0160I M\u012a\u013b\u0160 MUZIK\u0100LI TEATRALIZ\u0112TS UZVEDUMS!<\/p>\n<p>M\u0113s ceram, ka tas ir tikai s\u0101kums! \u0160iem b\u0113rniem bie\u017ei vien pat run\u0101t, komunic\u0113t ar cilv\u0113kiem ir gr\u016bti, kur nu v\u0113l k\u0101pt uz skatuves un sp\u0113l\u0113t te\u0101tri pilnas z\u0101les priek\u0161\u0101&#8230;tas tie\u0161\u0101m vi\u0146iem ir milz\u012bgs sasniegums!<\/p>","protected":false},"excerpt":{"rendered":"<p>https:\/\/www.youtube.com\/watch?v=ZO86KBstpTY M\u0112S LEPOJAMIES AR SAVIEM M\u012a\u013bAJIEM AKTIERIEM! MILZ\u012aGS PALDIES ANDRIM U\u0160PELIM UN IVETAI \u0136EPULEI PAR IEGULD\u012aTO DARBU UN VISIEM VEC\u0100KIEM PAR PACIET\u012aBU UN IZTUR\u012aBU! MUMS KOP\u0100 IZDEV\u0100S \u012aPA\u0160I M\u012a\u013b\u0160 MUZIK\u0100LI TEATRALIZ\u0112TS UZVEDUMS! M\u0113s ceram, ka tas ir tikai s\u0101kums! \u0160iem b\u0113rniem bie\u017ei vien pat run\u0101t, komunic\u0113t ar cilv\u0113kiem ir gr\u016bti, kur nu v\u0113l k\u0101pt uz [&hellip;]<\/p>\n","protected":false},"author":1,"featured_media":1030,"comment_status":"closed","ping_status":"closed","sticky":false,"template":"","format":"standard","meta":{"ngg_post_thumbnail":0,"_bbp_topic_count":0,"_bbp_reply_count":0,"_bbp_total_topic_count":0,"_bbp_total_reply_count":0,"_bbp_voice_count":0,"_bbp_anonymous_reply_count":0,"_bbp_topic_count_hidden":0,"_bbp_reply_count_hidden":0,"_bbp_forum_subforum_count":0},"categories":[1],"tags":[],"_links":{"self":[{"href":"https:\/\/www.autismapunktsrezekne.lv\/lv\/wp-json\/wp\/v2\/posts\/1024"}],"collection":[{"href":"https:\/\/www.autismapunktsrezekne.lv\/lv\/wp-json\/wp\/v2\/posts"}],"about":[{"href":"https:\/\/www.autismapunktsrezekne.lv\/lv\/wp-json\/wp\/v2\/types\/post"}],"author":[{"embeddable":true,"href":"https:\/\/www.autismapunktsrezekne.lv\/lv\/wp-json\/wp\/v2\/users\/1"}],"replies":[{"embeddable":true,"href":"https:\/\/www.autismapunktsrezekne.lv\/lv\/wp-json\/wp\/v2\/comments?post=1024"}],"version-history":[{"count":4,"href":"https:\/\/www.autismapunktsrezekne.lv\/lv\/wp-json\/wp\/v2\/posts\/1024\/revisions"}],"predecessor-version":[{"id":1039,"href":"https:\/\/www.autismapunktsrezekne.lv\/lv\/wp-json\/wp\/v2\/posts\/1024\/revisions\/1039"}],"wp:featuredmedia":[{"embeddable":true,"href":"https:\/\/www.autismapunktsrezekne.lv\/lv\/wp-json\/wp\/v2\/media\/1030"}],"wp:attachment":[{"href":"https:\/\/www.autismapunktsrezekne.lv\/lv\/wp-json\/wp\/v2\/media?parent=1024"}],"wp:term":[{"taxonomy":"category","embeddable":true,"href":"https:\/\/www.autismapunktsrezekne.lv\/lv\/wp-json\/wp\/v2\/categories?post=1024"},{"taxonomy":"post_tag","embeddable":true,"href":"https:\/\/www.autismapunktsrezekne.lv\/lv\/wp-json\/wp\/v2\/tags?post=1024"}],"curies":[{"name":"wp","href":"https:\/\/api.w.org\/{rel}","templated":true}]}}