{"id":117367,"date":"2020-03-11T14:37:25","date_gmt":"2020-03-11T12:37:25","guid":{"rendered":"http:\/\/www.autismsrezekne.lv\/?p=117367"},"modified":"2020-03-11T14:41:12","modified_gmt":"2020-03-11T12:41:12","slug":"rezekni-apciemo-viesi-no-maskavas-jekaterina-mena-un-neirologs-vasilijs-generalovs","status":"publish","type":"post","link":"https:\/\/www.autismapunktsrezekne.lv\/lv\/rezekni-apciemo-viesi-no-maskavas-jekaterina-mena-un-neirologs-vasilijs-generalovs\/","title":{"rendered":"Jekaterina Me\u0146a un neirologs Vas\u012blijs \u0122eneralovs R\u0113zekn\u0113!"},"content":{"rendered":"<p><\/p>\n<p>\n\u201cAutisma atbalsta punkts R\u0113zekn\u0113\u201d ir biedr\u012bba, kas l\u012bdztekus da\u017e\u0101du nodarb\u012bbu r\u012bko\u0161anai b\u0113rniem ar diagnozi autisms, piesaista ar\u012b finans\u0113jumu un speci\u0101listus darbam ar \u0161iem b\u0113rni\u0146iem. <\/p>\n<p>\u0160\u012b gada 22. febru\u0101r\u012b notika Biedr\u012bbas &#8220;Autisma atbalsta punkts R\u0113zekn\u0113&#8221; organiz\u0113tais interakt\u012bvais semin\u0101rs: &#8220;Iek\u013caujo\u0161\u0101 izgl\u012bt\u012bba: ties\u012bbas, m\u0113r\u0137i, noz\u012bmes&#8221;. Semin\u0101ra autore un vad\u012bt\u0101ja bija Jekaterina Me\u0146a, kura bija dzimusi tepat Daugavpil\u012b, bet kop\u0161 1985. gada jau dz\u012bvo Maskav\u0101. Jekaterina Me\u0146a ir neatkari\u0123\u0101s bezpe\u013cnas organiz\u0101cijas &#8220;Autisma probl\u0113mu centrs&#8221; prezidente, Krievijas Feder\u0101cijas Izgl\u012bt\u012bbas un zin\u0101tnes ministrijas Ekspertu padomes locekle audz\u0113k\u0146u ar autisk\u0101 spektra trauc\u0113jumiem izgl\u012bto\u0161anas jaut\u0101jumu organiz\u0101cijai. Pirm\u0101 Krievijas iek\u013c\u0101ujo\u0161\u0101s izgl\u012bt\u012bbas mode\u013ca b\u0113rniem ar autisk\u0101 spektra trauc\u0113jumiem &#8220;Iek\u013caut\u012bba 1465&#8221; adapt\u0101cjas l\u012bdzautore un viena no organizator\u0113m. Ilgad\u0113j\u0101s starptautisk\u0101s zin\u0101tniski praktisk\u0101s konferences &#8220;Autisms. Izaicin\u0101jumi un risin\u0101jumi&#8221; izveidot\u0101ja un satura vad\u012bt\u0101ja. Izgl\u012bt\u012bbas virziena profesion\u0101laj\u0101 izgl\u012bt\u012bb\u0101 , kas nodarbojas speci\u0101listu sagatavo\u0161anu ABA terapijas jom\u0101, izveides iniciatore, k\u0101 ar\u012b pirm\u0101 profesion\u0101l\u0101s sagatavo\u0161anas kursu darbam ar b\u0113rniem, kuriem ir autisk\u0101 spektra trauc\u0113jumi, izstr\u0101d\u0101t\u0101ja uz Krievijas augst\u0101s izgl\u012bt\u012bbas iest\u0101\u017eu b\u0101zes. \u0160\u012b semin\u0101ra visp\u0101r\u012bgais virziens ir iek\u013caut\u012bbas j\u0113dziens, iek\u013caujo\u0161\u0101 izgl\u012bt\u012bba, autisms k\u0101 \u012bpa\u0161a izgl\u012bt\u012bbas nepiecie\u0161am\u012bba, b\u0113rns ar autismu skol\u0101- pieejas, kas garant\u0113 pan\u0101kumus \u0161iem b\u0113rniem. Jekaterina Me\u0146a past\u0101stija semin\u0101ra dal\u012bbniekiem ar ko tad viss \u0161is aizs\u0101k\u0101s, jo vi\u0146a izgl\u012bt\u012bba nebija ne pedagogs, ne \u0101rsts, bet gan vi\u0146a ir mamma, kurai ir viens b\u0113rns ar autisk\u0101 spektra trauc\u0113jumiem. Noklausoties \u0161o semin\u0101ru es sapratu, ka katrs cilv\u0113ks ir vienreiz\u0113js un tas ir pamats, lai priec\u0101tos par dz\u012bvi. Iek\u013cau\u0161ana \u0161o daudzveid\u012bbu grib piedz\u012bvot esot kop\u0101, tas ir parastie b\u0113rni ar b\u0113rniem kop\u0101, kuriem ir autisk\u0101 spekta trauc\u0113jumiem. Iek\u013caut\u012bba ir kas daudz vair\u0101k k\u0101 cit\u0101do integr\u0113\u0161ana grup\u0101. Tas ir J\u0100 v\u0101rds da\u017e\u0101d\u012bbai, jo katram no mums ir savas stipr\u0101s un v\u0101j\u0101s puses, ar\u012b b\u0113rniem ar autisk\u0101 spektra trauc\u0113jumiem. T\u0101 ir tic\u012bba bez iz\u0146\u0113muma visiem b\u0113rniem, ka vi\u0146i grib un var m\u0101c\u012bties. Iek\u013caut\u012bbas uzdevums ir atrast ce\u013cu k\u0101 \u0161o v\u0113lmi b\u0113rnos atbalst\u012bt. Liels paldies j\u0101saka Jekaterinai Me\u0146ai par tik gara ce\u013ca m\u0113ro\u0161anu, lai rastos mums priek\u0161tats par iek\u013cau\u0161anas b\u016bt\u012bbu un biedr\u012bbas &#8220;Autisma atbalsta punkts R\u0113zekn\u0113&#8221; dibin\u0101t\u0101jiem, kas nodro\u0161in\u0101ja, lai \u0161is semin\u0101rs notiktu ar\u012b pie mums R\u0113zekn\u0113!<br \/>\nKristera mamma Santa<\/p>\n<p><\/p>","protected":false},"excerpt":{"rendered":"<p>\u201cAutisma atbalsta punkts R\u0113zekn\u0113\u201d ir biedr\u012bba, kas l\u012bdztekus da\u017e\u0101du nodarb\u012bbu r\u012bko\u0161anai b\u0113rniem ar diagnozi autisms, piesaista ar\u012b finans\u0113jumu un speci\u0101listus darbam ar \u0161iem b\u0113rni\u0146iem. \u0160\u012b gada 22. febru\u0101r\u012b notika Biedr\u012bbas &#8220;Autisma atbalsta punkts R\u0113zekn\u0113&#8221; organiz\u0113tais interakt\u012bvais semin\u0101rs: &#8220;Iek\u013caujo\u0161\u0101 izgl\u012bt\u012bba: ties\u012bbas, m\u0113r\u0137i, noz\u012bmes&#8221;. Semin\u0101ra autore un vad\u012bt\u0101ja bija Jekaterina Me\u0146a, kura bija dzimusi tepat Daugavpil\u012b, bet [&hellip;]<\/p>\n","protected":false},"author":1,"featured_media":117368,"comment_status":"closed","ping_status":"closed","sticky":false,"template":"","format":"standard","meta":{"ngg_post_thumbnail":0,"_bbp_topic_count":0,"_bbp_reply_count":0,"_bbp_total_topic_count":0,"_bbp_total_reply_count":0,"_bbp_voice_count":0,"_bbp_anonymous_reply_count":0,"_bbp_topic_count_hidden":0,"_bbp_reply_count_hidden":0,"_bbp_forum_subforum_count":0},"categories":[1],"tags":[],"_links":{"self":[{"href":"https:\/\/www.autismapunktsrezekne.lv\/lv\/wp-json\/wp\/v2\/posts\/117367"}],"collection":[{"href":"https:\/\/www.autismapunktsrezekne.lv\/lv\/wp-json\/wp\/v2\/posts"}],"about":[{"href":"https:\/\/www.autismapunktsrezekne.lv\/lv\/wp-json\/wp\/v2\/types\/post"}],"author":[{"embeddable":true,"href":"https:\/\/www.autismapunktsrezekne.lv\/lv\/wp-json\/wp\/v2\/users\/1"}],"replies":[{"embeddable":true,"href":"https:\/\/www.autismapunktsrezekne.lv\/lv\/wp-json\/wp\/v2\/comments?post=117367"}],"version-history":[{"count":5,"href":"https:\/\/www.autismapunktsrezekne.lv\/lv\/wp-json\/wp\/v2\/posts\/117367\/revisions"}],"predecessor-version":[{"id":117373,"href":"https:\/\/www.autismapunktsrezekne.lv\/lv\/wp-json\/wp\/v2\/posts\/117367\/revisions\/117373"}],"wp:featuredmedia":[{"embeddable":true,"href":"https:\/\/www.autismapunktsrezekne.lv\/lv\/wp-json\/wp\/v2\/media\/117368"}],"wp:attachment":[{"href":"https:\/\/www.autismapunktsrezekne.lv\/lv\/wp-json\/wp\/v2\/media?parent=117367"}],"wp:term":[{"taxonomy":"category","embeddable":true,"href":"https:\/\/www.autismapunktsrezekne.lv\/lv\/wp-json\/wp\/v2\/categories?post=117367"},{"taxonomy":"post_tag","embeddable":true,"href":"https:\/\/www.autismapunktsrezekne.lv\/lv\/wp-json\/wp\/v2\/tags?post=117367"}],"curies":[{"name":"wp","href":"https:\/\/api.w.org\/{rel}","templated":true}]}}