{"id":169433,"date":"2021-11-11T13:59:51","date_gmt":"2021-11-11T11:59:51","guid":{"rendered":"https:\/\/www.autismsrezekne.lv\/?p=169433"},"modified":"2021-11-11T15:00:00","modified_gmt":"2021-11-11T13:00:00","slug":"milzigs-paldies-par-atbalstu","status":"publish","type":"post","link":"https:\/\/www.autismapunktsrezekne.lv\/lv\/milzigs-paldies-par-atbalstu\/","title":{"rendered":"MILZ\u012aGS PALDIES PAR ATBALSTU!"},"content":{"rendered":"<p>Autismu nevar iz\u0101rst\u0113t un no t\u0101 nevar izaugt. Ta\u010du progresu saskarsmes, komunik\u0101cijas un soci\u0101l\u0101s adapt\u0101cijas prasm\u0113s var un vajag pan\u0101kt. Tas nen\u0101ks viegli. Un k\u0101 varat pal\u012bdz\u0113t tie\u0161i j\u016bs? Ar sapratni un pie\u0146em\u0161anu. Tas n\u0101ks par labu gan pa\u0161u dv\u0113seles mieram, gan b\u0113rniem ar \u012bpa\u0161\u0101m vajadz\u012bb\u0101m, un ar\u012b \u0161\u012b pasaule b\u016bs k\u013cuvusi drusku lab\u0101ka.<br \/>\nM\u0113s #LNKIndustries turpin\u0101m atbalst\u012bt b\u0113rnus ar autiska spektra trauc\u0113jumiem R\u0113zekn\u0113, nodro\u0161inot individu\u0101l\u0101s, att\u012bsto\u0161as nodarb\u012bbas, kas notiek lab\u0101ko speci\u0101listu vad\u012bb\u0101. \u0160\u012bs nodarb\u012bbas b\u0113rniem ir \u013coti nepiecie\u0161ams, un m\u0113s esam \u013coti priec\u012bgi redz\u0113t, ka b\u0113rniem tas pal\u012bdz c\u012bn\u012bties ar slim\u012bbas izrais\u012bt\u0101m sek\u0101m un socializ\u0113ties sabiedr\u012bb\u0101.<br \/>\n240 individu\u0101l\u0101s nodarb\u012bbas pie fizioterapeita, 120 &#8211; pie soci\u0101l\u0101 pedagoga, 120 &#8211; pie logop\u0113da, 120 &#8211; pie speci\u0101l\u0101 pedagoga, 60 &#8211; pie osteop\u0101ta, 120 m\u016bzikas terapijas nodarb\u012bbas, un v\u0113l un v\u0113l un v\u0113l \u2013 kop\u0101 804 individu\u0101l\u0101s nodarb\u012bbas tikai 3 m\u0113ne\u0161u laik\u0101.<br \/>\nLNK Labdar\u012bbas Fonds atbalsta biedr\u012bbu &#8220;Autisma atbalsta punkts R\u0113zekn\u0113\u201d jau vair\u0101kus gadus, tostarp ar\u012b projektu \u201dIndividu\u0101lo att\u012bsto\u0161o nodarb\u012bbu organiz\u0113\u0161ana b\u0113rniem ar autiska spektra trauc\u0113jumiem R\u0113zekn\u0113\u201d. Pateicoties fonda finans\u0113jumam, nodarb\u012bbas ir apmekl\u0113ju\u0161i 123 b\u0113rni ar \u012bpa\u0161\u0101m vajadz\u012bb\u0101m no R\u0113zeknes, Ludzas, Vi\u013c\u0101nu, K\u0101rsavas, Prei\u013cu, L\u012bv\u0101nu novadiem.<br \/>\nKop\u0101 no 2020.gada septembra l\u012bdz 2021.gada beig\u0101m LNK Labdar\u012bbas Fonds ir atbalst\u012bjis individu\u0101l\u0101s nodarb\u012bbas teju par 12 000 EUR. T\u0101 k\u0101 \u013coti svar\u012bga ir nodarb\u012bbu nep\u0101rtraukt\u012bba, tad m\u0113s turpin\u0101m \u0161o atbalstu l\u012bdz 2021.gada decembrim.<br \/>\nJa ar\u012b j\u016bs v\u0113laties mums piebiedroties un uzlabot \u0161o b\u0113rnu dz\u012bvi, aicin\u0101m atbalst\u012bt biedr\u012bbu \u201cAutisma atbalsta punkts R\u0113zekn\u0113\u201d:<br \/>\nhttps:\/\/www.facebook.com\/edavinsh<br \/>\n#LNKLabdar\u012bbasFonds #Labiedarbi #vissnotiek<\/p>\n<p><\/p>","protected":false},"excerpt":{"rendered":"<p>Autismu nevar iz\u0101rst\u0113t un no t\u0101 nevar izaugt. Ta\u010du progresu saskarsmes, komunik\u0101cijas un soci\u0101l\u0101s adapt\u0101cijas prasm\u0113s var un vajag pan\u0101kt. Tas nen\u0101ks viegli. Un k\u0101 varat pal\u012bdz\u0113t tie\u0161i j\u016bs? Ar sapratni un pie\u0146em\u0161anu. Tas n\u0101ks par labu gan pa\u0161u dv\u0113seles mieram, gan b\u0113rniem ar \u012bpa\u0161\u0101m vajadz\u012bb\u0101m, un ar\u012b \u0161\u012b pasaule b\u016bs k\u013cuvusi drusku lab\u0101ka. M\u0113s [&hellip;]<\/p>\n","protected":false},"author":1,"featured_media":169439,"comment_status":"closed","ping_status":"closed","sticky":false,"template":"","format":"standard","meta":{"ngg_post_thumbnail":0,"_bbp_topic_count":0,"_bbp_reply_count":0,"_bbp_total_topic_count":0,"_bbp_total_reply_count":0,"_bbp_voice_count":0,"_bbp_anonymous_reply_count":0,"_bbp_topic_count_hidden":0,"_bbp_reply_count_hidden":0,"_bbp_forum_subforum_count":0},"categories":[1],"tags":[],"_links":{"self":[{"href":"https:\/\/www.autismapunktsrezekne.lv\/lv\/wp-json\/wp\/v2\/posts\/169433"}],"collection":[{"href":"https:\/\/www.autismapunktsrezekne.lv\/lv\/wp-json\/wp\/v2\/posts"}],"about":[{"href":"https:\/\/www.autismapunktsrezekne.lv\/lv\/wp-json\/wp\/v2\/types\/post"}],"author":[{"embeddable":true,"href":"https:\/\/www.autismapunktsrezekne.lv\/lv\/wp-json\/wp\/v2\/users\/1"}],"replies":[{"embeddable":true,"href":"https:\/\/www.autismapunktsrezekne.lv\/lv\/wp-json\/wp\/v2\/comments?post=169433"}],"version-history":[{"count":1,"href":"https:\/\/www.autismapunktsrezekne.lv\/lv\/wp-json\/wp\/v2\/posts\/169433\/revisions"}],"predecessor-version":[{"id":169435,"href":"https:\/\/www.autismapunktsrezekne.lv\/lv\/wp-json\/wp\/v2\/posts\/169433\/revisions\/169435"}],"wp:featuredmedia":[{"embeddable":true,"href":"https:\/\/www.autismapunktsrezekne.lv\/lv\/wp-json\/wp\/v2\/media\/169439"}],"wp:attachment":[{"href":"https:\/\/www.autismapunktsrezekne.lv\/lv\/wp-json\/wp\/v2\/media?parent=169433"}],"wp:term":[{"taxonomy":"category","embeddable":true,"href":"https:\/\/www.autismapunktsrezekne.lv\/lv\/wp-json\/wp\/v2\/categories?post=169433"},{"taxonomy":"post_tag","embeddable":true,"href":"https:\/\/www.autismapunktsrezekne.lv\/lv\/wp-json\/wp\/v2\/tags?post=169433"}],"curies":[{"name":"wp","href":"https:\/\/api.w.org\/{rel}","templated":true}]}}