{"id":169449,"date":"2022-05-03T12:46:45","date_gmt":"2022-05-03T10:46:45","guid":{"rendered":"https:\/\/www.autismsrezekne.lv\/?p=169449"},"modified":"2022-05-03T12:46:45","modified_gmt":"2022-05-03T10:46:45","slug":"pikniks-veiksmes-sala","status":"publish","type":"post","link":"https:\/\/www.autismapunktsrezekne.lv\/lv\/pikniks-veiksmes-sala\/","title":{"rendered":"Pikniks Veiksmes sal\u0101!"},"content":{"rendered":"<p>Skaista, jautra, draudz\u012bga diena 2022.23.04,Ostrov \ud83d\udc96vezenije sali\u0146\u0101! Paldies par sirsn\u012bgo, r\u016bp\u012bgo, interesanto, daudzveid\u012bgo  m\u016bsu biedr\u012bbas,, Autisma atbalsta punkts R\u0113zekn\u0113&#8221; uz\u0146em\u0161anu! \ud83e\udd17\ud83d\ude18. Paldies  Veiksmes Ostrova saimniecei Irenai , v\u012bram\u0101tei, par viesm\u012bl\u012bbu, gar\u0161\u012bgiem s\u0101l\u012bjumiem, ugunskuru, Dekup\u0101\u017eas meistarklasi, dz\u012bvnieci\u0146iem. Paldies K\u0101rlim Tolam un Aivaram Kaupu\u017eam par b\u0113rnu izklaid\u0113\u0161anu un rota\u013cu vad\u012b\u0161anu. Paldies Aleksandram Boben\u010dukam par desi\u0146u cep\u0161anu, Vas\u012blijam Pukinckim par transportu un izvizin\u0101\u0161anu. Edgaram \u0160ilinam un Sandrai par organiz\u0113\u0161anu un visiem  vec\u0101kiem un b\u0113rniem par jautro kop\u0101b\u016b\u0161anu! \u2764\ufe0f\ud83e\udd17\ud83d\ude18\ud83d\udc96<\/p>","protected":false},"excerpt":{"rendered":"<p>Skaista, jautra, draudz\u012bga diena 2022.23.04,Ostrov \ud83d\udc96vezenije sali\u0146\u0101! Paldies par sirsn\u012bgo, r\u016bp\u012bgo, interesanto, daudzveid\u012bgo m\u016bsu biedr\u012bbas,, Autisma atbalsta punkts R\u0113zekn\u0113&#8221; uz\u0146em\u0161anu! \ud83e\udd17\ud83d\ude18. Paldies Veiksmes Ostrova saimniecei Irenai , v\u012bram\u0101tei, par viesm\u012bl\u012bbu, gar\u0161\u012bgiem s\u0101l\u012bjumiem, ugunskuru, Dekup\u0101\u017eas meistarklasi, dz\u012bvnieci\u0146iem. Paldies K\u0101rlim Tolam un Aivaram Kaupu\u017eam par b\u0113rnu izklaid\u0113\u0161anu un rota\u013cu vad\u012b\u0161anu. Paldies Aleksandram Boben\u010dukam par desi\u0146u cep\u0161anu, Vas\u012blijam [&hellip;]<\/p>\n","protected":false},"author":1,"featured_media":169450,"comment_status":"closed","ping_status":"closed","sticky":false,"template":"","format":"standard","meta":{"ngg_post_thumbnail":0,"_bbp_topic_count":0,"_bbp_reply_count":0,"_bbp_total_topic_count":0,"_bbp_total_reply_count":0,"_bbp_voice_count":0,"_bbp_anonymous_reply_count":0,"_bbp_topic_count_hidden":0,"_bbp_reply_count_hidden":0,"_bbp_forum_subforum_count":0},"categories":[1],"tags":[],"_links":{"self":[{"href":"https:\/\/www.autismapunktsrezekne.lv\/lv\/wp-json\/wp\/v2\/posts\/169449"}],"collection":[{"href":"https:\/\/www.autismapunktsrezekne.lv\/lv\/wp-json\/wp\/v2\/posts"}],"about":[{"href":"https:\/\/www.autismapunktsrezekne.lv\/lv\/wp-json\/wp\/v2\/types\/post"}],"author":[{"embeddable":true,"href":"https:\/\/www.autismapunktsrezekne.lv\/lv\/wp-json\/wp\/v2\/users\/1"}],"replies":[{"embeddable":true,"href":"https:\/\/www.autismapunktsrezekne.lv\/lv\/wp-json\/wp\/v2\/comments?post=169449"}],"version-history":[{"count":1,"href":"https:\/\/www.autismapunktsrezekne.lv\/lv\/wp-json\/wp\/v2\/posts\/169449\/revisions"}],"predecessor-version":[{"id":169451,"href":"https:\/\/www.autismapunktsrezekne.lv\/lv\/wp-json\/wp\/v2\/posts\/169449\/revisions\/169451"}],"wp:featuredmedia":[{"embeddable":true,"href":"https:\/\/www.autismapunktsrezekne.lv\/lv\/wp-json\/wp\/v2\/media\/169450"}],"wp:attachment":[{"href":"https:\/\/www.autismapunktsrezekne.lv\/lv\/wp-json\/wp\/v2\/media?parent=169449"}],"wp:term":[{"taxonomy":"category","embeddable":true,"href":"https:\/\/www.autismapunktsrezekne.lv\/lv\/wp-json\/wp\/v2\/categories?post=169449"},{"taxonomy":"post_tag","embeddable":true,"href":"https:\/\/www.autismapunktsrezekne.lv\/lv\/wp-json\/wp\/v2\/tags?post=169449"}],"curies":[{"name":"wp","href":"https:\/\/api.w.org\/{rel}","templated":true}]}}