{"id":173778,"date":"2024-08-21T12:52:53","date_gmt":"2024-08-21T10:52:53","guid":{"rendered":"https:\/\/www.autismapunktsrezekne.lv\/?p=173778"},"modified":"2024-08-21T12:52:53","modified_gmt":"2024-08-21T10:52:53","slug":"biedribas-pikniks-veiksmes-sala","status":"publish","type":"post","link":"https:\/\/www.autismapunktsrezekne.lv\/lv\/biedribas-pikniks-veiksmes-sala\/","title":{"rendered":"BIEDR\u012aBAS PIKNIKS &#8220;VEIKSMES SAL\u0100&#8221;!!!"},"content":{"rendered":"<p>02.06.24 &#8220;Autisma atbalsta punkts&#8221;atp\u016bt\u0101s piknik\u0101, viesm\u012bl\u012bg\u0101 un br\u012bni\u0161\u0137\u012bg\u0101 viet\u0101 &#8220;Veiksmes sala&#8221;! \u2764\ufe0fPiknika laik\u0101 b\u0113rni un vec\u0101ki izpriec\u0101j\u0101s da\u017e\u0101d\u0101s aktivit\u0101t\u0113s, peld\u0113j\u0101s, dejoja, relaks\u0113j\u0101s kubul\u0101, vizin\u0101jas ar laivu, min\u0113ja &#8220;Nosl\u0113pumu kast\u0113&#8221; manti\u0146u, ko  sa\u0146\u0113ma d\u0101van\u0101, izpriec\u0101j\u0101s ar jautro &#8220;Minjonu&#8221; un atrakt\u012bvajiem &#8220;B\u0113b\u012b\u0161iem&#8221;, izsp\u0113l\u0113ja  da\u017e\u0101das sp\u0113les, baud\u012bja atspirdzino\u0161o  pagatavoto &#8220;Mohito&#8221; koteili un gard\u0101s desi\u0146as, nagetus, \u0161a\u0161liku un citus gardumus. Pabaroja tru\u0161us un sam\u012b\u013coja sun\u012bti Lakiju un ka\u0137\u012bti. Sirsn\u012bgu Paldies \u2764\ufe0fsak\u0101m par gardumu sag\u0101d\u0101\u0161anu &#8220;Lielveikalam Rimi R\u0113zekn\u0113&#8221;, par m\u012b\u013cmanti\u0146\u0101m  \u2764\ufe0f&#8221;A. N. J. Pasaulei&#8221;, par \u2764\ufe0f&#8221;Silto, relaks\u0113jo\u0161o kubulu&#8221; Ingai Vilkau\u0161ai, Par Viesm\u012bl\u012bgo uz\u0146em\u0161anu un negaid\u012bto p\u0101rsteigumu\u2764\ufe0f&#8221;B\u0113b\u012b\u0161i&#8221;, kas iepriecin\u0101ja b\u0113rnus ar dej\u0101m un baloniem Irenai Ka\u013cininai\u2764\ufe0f&#8221;Veiksmes sala&#8221;, jautrajam, atrakt\u012bv\u0101m\u2764\ufe0f &#8220;Minjonam&#8221; Aivaram  Kaupu\u017eam par izklaid\u0113m, sp\u0113l\u0113m, \u2764\ufe0f&#8221;Viki\u0161ow&#8221; par sar\u016bp\u0113to &#8220;Nosl\u0113pumu kasti&#8221; \u2764\ufe0fK\u0101rlim Tolam par sp\u0113l\u0113m, kop\u012bgu vizin\u0101\u0161anos ar laivu, \u2764\ufe0fAldim Ciukmacim, \u2764\ufe0fO\u013cegam Pukinskim par gardo, sul\u012bgo desi\u0146u, \u0161a\u0161liku cep\u0161anu un izvizin\u0101\u0161anu,\u2764\ufe0f Edgaram \u0160ilinam un Sandrai par piknika organiz\u0113\u0161anu, vad\u012b\u0161anu, br\u012bnumu kastes p\u0101rsteigumu, Mohito pagatavo\u0161anu. \u2764\ufe0fSamantai Vilkau\u0161ai par Mohito pagatavo\u0161anu, \u2764\ufe0fR\u016bp\u012bg\u0101kaj\u0101m mamm\u0101m par gardumiem un galda uzkl\u0101\u0161anu, \u2764\ufe0fVec\u0101kiem, b\u0113rniem par kop\u0101b\u016b\u0161anu, jautru un for\u0161u laika pavad\u012b\u0161anu. Pikniks k\u0101 vienm\u0113r izdev\u0101s! \u2764\ufe0f\ud83d\ude18\ud83c\udf3c\ud83c\udf3c\ud83c\udf3c\ud83c\udf3c\ud83c\udf3c\ud83e\udd73<\/p>","protected":false},"excerpt":{"rendered":"<p>02.06.24 &#8220;Autisma atbalsta punkts&#8221;atp\u016bt\u0101s piknik\u0101, viesm\u012bl\u012bg\u0101 un br\u012bni\u0161\u0137\u012bg\u0101 viet\u0101 &#8220;Veiksmes sala&#8221;! \u2764\ufe0fPiknika laik\u0101 b\u0113rni un vec\u0101ki izpriec\u0101j\u0101s da\u017e\u0101d\u0101s aktivit\u0101t\u0113s, peld\u0113j\u0101s, dejoja, relaks\u0113j\u0101s kubul\u0101, vizin\u0101jas ar laivu, min\u0113ja &#8220;Nosl\u0113pumu kast\u0113&#8221; manti\u0146u, ko sa\u0146\u0113ma d\u0101van\u0101, izpriec\u0101j\u0101s ar jautro &#8220;Minjonu&#8221; un atrakt\u012bvajiem &#8220;B\u0113b\u012b\u0161iem&#8221;, izsp\u0113l\u0113ja da\u017e\u0101das sp\u0113les, baud\u012bja atspirdzino\u0161o pagatavoto &#8220;Mohito&#8221; koteili un gard\u0101s desi\u0146as, nagetus, \u0161a\u0161liku un citus [&hellip;]<\/p>\n","protected":false},"author":1,"featured_media":173779,"comment_status":"closed","ping_status":"closed","sticky":false,"template":"","format":"standard","meta":{"ngg_post_thumbnail":0,"_bbp_topic_count":0,"_bbp_reply_count":0,"_bbp_total_topic_count":0,"_bbp_total_reply_count":0,"_bbp_voice_count":0,"_bbp_anonymous_reply_count":0,"_bbp_topic_count_hidden":0,"_bbp_reply_count_hidden":0,"_bbp_forum_subforum_count":0},"categories":[1],"tags":[],"_links":{"self":[{"href":"https:\/\/www.autismapunktsrezekne.lv\/lv\/wp-json\/wp\/v2\/posts\/173778"}],"collection":[{"href":"https:\/\/www.autismapunktsrezekne.lv\/lv\/wp-json\/wp\/v2\/posts"}],"about":[{"href":"https:\/\/www.autismapunktsrezekne.lv\/lv\/wp-json\/wp\/v2\/types\/post"}],"author":[{"embeddable":true,"href":"https:\/\/www.autismapunktsrezekne.lv\/lv\/wp-json\/wp\/v2\/users\/1"}],"replies":[{"embeddable":true,"href":"https:\/\/www.autismapunktsrezekne.lv\/lv\/wp-json\/wp\/v2\/comments?post=173778"}],"version-history":[{"count":1,"href":"https:\/\/www.autismapunktsrezekne.lv\/lv\/wp-json\/wp\/v2\/posts\/173778\/revisions"}],"predecessor-version":[{"id":173780,"href":"https:\/\/www.autismapunktsrezekne.lv\/lv\/wp-json\/wp\/v2\/posts\/173778\/revisions\/173780"}],"wp:featuredmedia":[{"embeddable":true,"href":"https:\/\/www.autismapunktsrezekne.lv\/lv\/wp-json\/wp\/v2\/media\/173779"}],"wp:attachment":[{"href":"https:\/\/www.autismapunktsrezekne.lv\/lv\/wp-json\/wp\/v2\/media?parent=173778"}],"wp:term":[{"taxonomy":"category","embeddable":true,"href":"https:\/\/www.autismapunktsrezekne.lv\/lv\/wp-json\/wp\/v2\/categories?post=173778"},{"taxonomy":"post_tag","embeddable":true,"href":"https:\/\/www.autismapunktsrezekne.lv\/lv\/wp-json\/wp\/v2\/tags?post=173778"}],"curies":[{"name":"wp","href":"https:\/\/api.w.org\/{rel}","templated":true}]}}