{"id":174126,"date":"2024-09-13T14:47:07","date_gmt":"2024-09-13T12:47:07","guid":{"rendered":"https:\/\/www.autismapunktsrezekne.lv\/?p=174126"},"modified":"2024-09-13T14:47:07","modified_gmt":"2024-09-13T12:47:07","slug":"biedribas-brauciens-uz-vilnu","status":"publish","type":"post","link":"https:\/\/www.autismapunktsrezekne.lv\/lv\/biedribas-brauciens-uz-vilnu\/","title":{"rendered":"BIEDR\u012aBAS BRAUCIENS UZ VI\u013b\u0145U!!!"},"content":{"rendered":"<p>17.07.24&#8221;\ud83d\udc99Autisma atbalsta punkts R\u0113zekn\u0113&#8221; pateicoties biedr\u012bbas past\u0101v\u012bgajiem atbalst\u012bt\u0101jiem SIA CEF Recruitment,\u2764\ud83e\udde1\ud83d\udc9bkas sedza transporta izdevumus un 30 bezmaksas bi\u013cetes VICHY Akvapark\u0101 vec\u0101kiem un b\u0113rniem, dev\u0101s izpriecu, jaunu iespaidu un piedz\u012bvojumu ce\u013cojum\u0101 uz skaisto Lietuvas pils\u0113tu Vi\u013c\u0146u! \ud83e\udd29Apmekl\u0113j\u0101m Vichy akvaparku,\ud83e\udd29kur 3h garum\u0101 katrs izpriec\u0101j\u0101s sev t\u012bkam\u0101s izpriec\u0101s, relaks\u0113j\u0101s pirt\u012bs, nobrauca no ekstrem\u0101l\u0101m caurul\u0113m, atp\u016bt\u0101s burbu\u013cbasein\u0101, izbaud\u012bja koktei\u013cus,vai maz\u0101kie  b\u0113rnu laukumi\u0146\u0101,vai peldot pa \u016bdens straumi.Tad dev\u0101mies uz \ud83e\udd29tirdzniec\u012bbas centru AKROPOLIS iestiprin\u0101ties. Tad apmekl\u0113j\u0101m \ud83e\udd29skata laukumu, no kura pav\u0113r\u0101s burv\u012bgs skats uz \u0122edimina torni,\ud83e\udd29kur\u0101 p\u0113c tam m\u0113s visi varon\u012bgi uzk\u0101p\u0101m, neskatoties uz karstumu un katra gr\u016bt\u012bb\u0101m. No kalna pav\u0113r\u0101s br\u012bni\u0161\u0137\u012bgs ,neaizmirstams skats uz skaisto pils\u0113tu Vi\u013c\u0146u. Starp citu, k\u0101pjot pa\u0161\u0101 torn\u012b, v\u0101r\u0113j\u0101 apskat\u012bt tor\u0146a v\u0113sturi un cilv\u0113kiem ar \u012bpa\u0161\u0101m vajadz\u012bb\u0101 un to  pavado\u0146iem, bi\u013cetes bija par velti. Skaist\u0101 Vi\u013c\u0146a, m\u016bs \u013coti iespaidoja. Paldies\ud83e\udde1 CEF Recruitment SIA,\ud83e\udde1\u0160ofer\u012b\u0161iem Vas\u012blijam un O\u013cegam Pu\u0137inskiem ,\ud83e\udde1Edgaram ,Sandrai \u0160iliniem,\ud83e\udde1vec\u0101kiem un b\u0113rniem par iztur\u012bbu un kop\u0101b\u016b\u0161anu.\ud83e\udd17<\/p>","protected":false},"excerpt":{"rendered":"<p>17.07.24&#8221;\ud83d\udc99Autisma atbalsta punkts R\u0113zekn\u0113&#8221; pateicoties biedr\u012bbas past\u0101v\u012bgajiem atbalst\u012bt\u0101jiem SIA CEF Recruitment,\u2764\ud83e\udde1\ud83d\udc9bkas sedza transporta izdevumus un 30 bezmaksas bi\u013cetes VICHY Akvapark\u0101 vec\u0101kiem un b\u0113rniem, dev\u0101s izpriecu, jaunu iespaidu un piedz\u012bvojumu ce\u013cojum\u0101 uz skaisto Lietuvas pils\u0113tu Vi\u013c\u0146u! \ud83e\udd29Apmekl\u0113j\u0101m Vichy akvaparku,\ud83e\udd29kur 3h garum\u0101 katrs izpriec\u0101j\u0101s sev t\u012bkam\u0101s izpriec\u0101s, relaks\u0113j\u0101s pirt\u012bs, nobrauca no ekstrem\u0101l\u0101m caurul\u0113m, atp\u016bt\u0101s burbu\u013cbasein\u0101, izbaud\u012bja koktei\u013cus,vai [&hellip;]<\/p>\n","protected":false},"author":1,"featured_media":174127,"comment_status":"closed","ping_status":"closed","sticky":false,"template":"","format":"standard","meta":{"ngg_post_thumbnail":0,"_bbp_topic_count":0,"_bbp_reply_count":0,"_bbp_total_topic_count":0,"_bbp_total_reply_count":0,"_bbp_voice_count":0,"_bbp_anonymous_reply_count":0,"_bbp_topic_count_hidden":0,"_bbp_reply_count_hidden":0,"_bbp_forum_subforum_count":0},"categories":[1],"tags":[],"_links":{"self":[{"href":"https:\/\/www.autismapunktsrezekne.lv\/lv\/wp-json\/wp\/v2\/posts\/174126"}],"collection":[{"href":"https:\/\/www.autismapunktsrezekne.lv\/lv\/wp-json\/wp\/v2\/posts"}],"about":[{"href":"https:\/\/www.autismapunktsrezekne.lv\/lv\/wp-json\/wp\/v2\/types\/post"}],"author":[{"embeddable":true,"href":"https:\/\/www.autismapunktsrezekne.lv\/lv\/wp-json\/wp\/v2\/users\/1"}],"replies":[{"embeddable":true,"href":"https:\/\/www.autismapunktsrezekne.lv\/lv\/wp-json\/wp\/v2\/comments?post=174126"}],"version-history":[{"count":1,"href":"https:\/\/www.autismapunktsrezekne.lv\/lv\/wp-json\/wp\/v2\/posts\/174126\/revisions"}],"predecessor-version":[{"id":174128,"href":"https:\/\/www.autismapunktsrezekne.lv\/lv\/wp-json\/wp\/v2\/posts\/174126\/revisions\/174128"}],"wp:featuredmedia":[{"embeddable":true,"href":"https:\/\/www.autismapunktsrezekne.lv\/lv\/wp-json\/wp\/v2\/media\/174127"}],"wp:attachment":[{"href":"https:\/\/www.autismapunktsrezekne.lv\/lv\/wp-json\/wp\/v2\/media?parent=174126"}],"wp:term":[{"taxonomy":"category","embeddable":true,"href":"https:\/\/www.autismapunktsrezekne.lv\/lv\/wp-json\/wp\/v2\/categories?post=174126"},{"taxonomy":"post_tag","embeddable":true,"href":"https:\/\/www.autismapunktsrezekne.lv\/lv\/wp-json\/wp\/v2\/tags?post=174126"}],"curies":[{"name":"wp","href":"https:\/\/api.w.org\/{rel}","templated":true}]}}