{"id":174145,"date":"2025-05-21T08:22:46","date_gmt":"2025-05-21T06:22:46","guid":{"rendered":"https:\/\/www.autismapunktsrezekne.lv\/?p=174145"},"modified":"2025-05-21T08:22:46","modified_gmt":"2025-05-21T06:22:46","slug":"brauciens-uz-cesim-un-araisiem","status":"publish","type":"post","link":"https:\/\/www.autismapunktsrezekne.lv\/lv\/brauciens-uz-cesim-un-araisiem\/","title":{"rendered":"BRAUCIENS UZ C\u0112S\u012aM UN \u0100RAI\u0160IEM!"},"content":{"rendered":"<p>18.05.25 tika organiz\u0113ts,, Autisma atbalsta punkts R\u0113zekn\u0113,, brauciens uz C\u0113su Viduslaiku pili, Sv\u0113tavotu, \u0100rai\u0161u arheolo\u0123isko apmetni, \u0100rai\u0161u dzirnav\u0101m, ka ar\u012b ce\u013c\u0101 gar\u0161\u012b\u0123i pusdienoj\u0101m un vakari\u0146oj\u0101m kafein\u012bc\u0101- Pas\u0113dn\u012bca un Bistro -B\u0113rzkrogs. Iebraucot C\u0113s\u012bs, dev\u0101mies pusdienot uz kafein\u012bcu Pas\u0113dn\u012bca, gardi malkoju\u0161i, dev\u0101mies pret\u012b piedz\u012bvojumiem&#8230;&#8230; C\u0113su viduslaiku pil\u012b, staig\u0101j\u0101m ar iedegt\u0101m  svecit\u0113m, kas apsp\u012bdin\u0101ja visas tum\u0161\u0101s ejas un augstos, \u0161auros pak\u0101pienus, saj\u016bta bij, it k\u0101 tie\u0161\u0101m esam senos laikos. Kaut bij\u0101m saguru\u0161i, bet gandar\u012bti, dev\u0101mies uz Sv\u0113tavotu, kur m\u016bs sagaid\u012bja 99.gadus zol\u012bda vecm\u0101mi\u0146a, kas izst\u0101st\u012bja visus Sv\u0113tavota ritu\u0101lus un t\u0101 tap\u0161anas v\u0113sturi, tad dev\u0101mies to izbaud\u012bt, \u013coti skaista, sakopta un mierpilna vieta, kur m\u0113s izg\u0101j\u0101m bas\u0101m k\u0101j\u0101m pa sv\u0113to strauti\u0146u un piepild\u012bj\u0101m traukus ar sv\u0113to \u016bdeni l\u012bdz\u0146em\u0161anai. Relaks\u0113ju\u0161ie, dev\u0101mies n\u0101kam\u0101 piedz\u012bvojum\u0101 uz \u0100rai\u0161u ezerpils apmetni, kur izstaig\u0101j\u0101m un apskat\u012bj\u0101m pa\u0161as sen\u0101k\u0101s, pirm\u0101s  cilv\u0113ku dz\u012bvesvietas. Bij \u013coti interesanti un neierasti, t\u0101l\u0101k dev\u0101mies uz \u0100rai\u0161u dzirnav\u0101m, kur no klaus\u012bj\u0101mies st\u0101stu k\u0101 darbojas dzirnavas un t\u0101s izstaig\u0101j\u0101m, ka ar\u012b izbaud\u012bj\u0101m burv\u012bgo dabas skaistumu, rap\u0161u dzelteno ziedu,, pakl\u0101ju,un dev\u0101mies atpaka\u013cce\u013c\u0101 papusdienojot Bistro &#8211; B\u0113rzkrogs. Paldies no sirds\u2764\ufe0f s\u0101k\u0101m m\u016bsu sponsoriem, labv\u0113\u013ciem &#8211; CEF Recruitment SIA, \u0161ofer\u012btim\u2764\ufe0f Vas\u012blijam Pu\u0137inis\u0137im, kas m\u016bs vienm\u0113r izvizina,\u2764\ufe0f brauciena organizatoriem Sandrai un Edgaram \u0160iliniem,\u2764\ufe0f Vec\u0101kiem un b\u0113rniem par iztur\u012bbu un kop\u0101b\u016b\u0161anu, kas nenobij\u0101s no lietus, iztur\u0113ja ce\u013cu. \ud83d\udc96\ud83d\udc96\ud83d\udc96\ud83c\udf05<\/p>","protected":false},"excerpt":{"rendered":"<p>18.05.25 tika organiz\u0113ts,, Autisma atbalsta punkts R\u0113zekn\u0113,, brauciens uz C\u0113su Viduslaiku pili, Sv\u0113tavotu, \u0100rai\u0161u arheolo\u0123isko apmetni, \u0100rai\u0161u dzirnav\u0101m, ka ar\u012b ce\u013c\u0101 gar\u0161\u012b\u0123i pusdienoj\u0101m un vakari\u0146oj\u0101m kafein\u012bc\u0101- Pas\u0113dn\u012bca un Bistro -B\u0113rzkrogs. Iebraucot C\u0113s\u012bs, dev\u0101mies pusdienot uz kafein\u012bcu Pas\u0113dn\u012bca, gardi malkoju\u0161i, dev\u0101mies pret\u012b piedz\u012bvojumiem&#8230;&#8230; C\u0113su viduslaiku pil\u012b, staig\u0101j\u0101m ar iedegt\u0101m svecit\u0113m, kas apsp\u012bdin\u0101ja visas tum\u0161\u0101s ejas un [&hellip;]<\/p>\n","protected":false},"author":1,"featured_media":174146,"comment_status":"closed","ping_status":"closed","sticky":false,"template":"","format":"standard","meta":{"ngg_post_thumbnail":0,"_bbp_topic_count":0,"_bbp_reply_count":0,"_bbp_total_topic_count":0,"_bbp_total_reply_count":0,"_bbp_voice_count":0,"_bbp_anonymous_reply_count":0,"_bbp_topic_count_hidden":0,"_bbp_reply_count_hidden":0,"_bbp_forum_subforum_count":0},"categories":[1],"tags":[],"_links":{"self":[{"href":"https:\/\/www.autismapunktsrezekne.lv\/lv\/wp-json\/wp\/v2\/posts\/174145"}],"collection":[{"href":"https:\/\/www.autismapunktsrezekne.lv\/lv\/wp-json\/wp\/v2\/posts"}],"about":[{"href":"https:\/\/www.autismapunktsrezekne.lv\/lv\/wp-json\/wp\/v2\/types\/post"}],"author":[{"embeddable":true,"href":"https:\/\/www.autismapunktsrezekne.lv\/lv\/wp-json\/wp\/v2\/users\/1"}],"replies":[{"embeddable":true,"href":"https:\/\/www.autismapunktsrezekne.lv\/lv\/wp-json\/wp\/v2\/comments?post=174145"}],"version-history":[{"count":1,"href":"https:\/\/www.autismapunktsrezekne.lv\/lv\/wp-json\/wp\/v2\/posts\/174145\/revisions"}],"predecessor-version":[{"id":174147,"href":"https:\/\/www.autismapunktsrezekne.lv\/lv\/wp-json\/wp\/v2\/posts\/174145\/revisions\/174147"}],"wp:featuredmedia":[{"embeddable":true,"href":"https:\/\/www.autismapunktsrezekne.lv\/lv\/wp-json\/wp\/v2\/media\/174146"}],"wp:attachment":[{"href":"https:\/\/www.autismapunktsrezekne.lv\/lv\/wp-json\/wp\/v2\/media?parent=174145"}],"wp:term":[{"taxonomy":"category","embeddable":true,"href":"https:\/\/www.autismapunktsrezekne.lv\/lv\/wp-json\/wp\/v2\/categories?post=174145"},{"taxonomy":"post_tag","embeddable":true,"href":"https:\/\/www.autismapunktsrezekne.lv\/lv\/wp-json\/wp\/v2\/tags?post=174145"}],"curies":[{"name":"wp","href":"https:\/\/api.w.org\/{rel}","templated":true}]}}