{"id":174160,"date":"2025-08-15T08:24:55","date_gmt":"2025-08-15T06:24:55","guid":{"rendered":"https:\/\/www.autismapunktsrezekne.lv\/?p=174160"},"modified":"2025-08-15T08:24:55","modified_gmt":"2025-08-15T06:24:55","slug":"ekskursija-uz-alises-brinumzemi","status":"publish","type":"post","link":"https:\/\/www.autismapunktsrezekne.lv\/lv\/ekskursija-uz-alises-brinumzemi\/","title":{"rendered":"Ekskursija uz Alises Br\u012bnumzemi"},"content":{"rendered":"<p>13.08.25, Biedr\u012bbas &#8220;Autisma Atbalsta punkts R\u0113zekn\u0113&#8221; diennakts nometnes &#8220;DEK\u0160\u0100RES 2025&#8221; 1.diena. Brauciens uz Igauniju &#8220;Alises brinumzemi&#8221;, kas ir \u013coti skaista un vizu\u0101li baud\u0101ma vieta, guv\u0101m daudz pozit\u012bvu iespaidu un kopum\u0101 lielu gandar\u012bjumu par braucienu. Paldies &#8220;Autisma Atbalsta punkts R\u0113zekn\u0113&#8221; atbalst\u012bt\u0101jiem! Organizatoriem Edgaram, Sandrai \u0160iliniem. Vas\u012blijam Pu\u0137iniskim par izvizin\u0101\u0161anu. Aivaram Kaupu\u017eam par nometnes vietas iek\u0101rto\u0161anu un organiz\u0113\u0161anu. Visiem vec\u0101kiem par kop\u0101 b\u016b\u0161anu un iztur\u012bbu!\ud83d\ude0d\ud83e\udd70\ud83e\udde1\ud83d\udc9b\ud83d\udc9a\ud83e\ude77\u2764\ufe0f\ud83d\udc99<\/p>","protected":false},"excerpt":{"rendered":"<p>13.08.25, Biedr\u012bbas &#8220;Autisma Atbalsta punkts R\u0113zekn\u0113&#8221; diennakts nometnes &#8220;DEK\u0160\u0100RES 2025&#8221; 1.diena. Brauciens uz Igauniju &#8220;Alises brinumzemi&#8221;, kas ir \u013coti skaista un vizu\u0101li baud\u0101ma vieta, guv\u0101m daudz pozit\u012bvu iespaidu un kopum\u0101 lielu gandar\u012bjumu par braucienu. Paldies &#8220;Autisma Atbalsta punkts R\u0113zekn\u0113&#8221; atbalst\u012bt\u0101jiem! Organizatoriem Edgaram, Sandrai \u0160iliniem. Vas\u012blijam Pu\u0137iniskim par izvizin\u0101\u0161anu. Aivaram Kaupu\u017eam par nometnes vietas iek\u0101rto\u0161anu un [&hellip;]<\/p>\n","protected":false},"author":1,"featured_media":174161,"comment_status":"closed","ping_status":"closed","sticky":false,"template":"","format":"standard","meta":{"ngg_post_thumbnail":0,"_bbp_topic_count":0,"_bbp_reply_count":0,"_bbp_total_topic_count":0,"_bbp_total_reply_count":0,"_bbp_voice_count":0,"_bbp_anonymous_reply_count":0,"_bbp_topic_count_hidden":0,"_bbp_reply_count_hidden":0,"_bbp_forum_subforum_count":0},"categories":[1],"tags":[],"_links":{"self":[{"href":"https:\/\/www.autismapunktsrezekne.lv\/lv\/wp-json\/wp\/v2\/posts\/174160"}],"collection":[{"href":"https:\/\/www.autismapunktsrezekne.lv\/lv\/wp-json\/wp\/v2\/posts"}],"about":[{"href":"https:\/\/www.autismapunktsrezekne.lv\/lv\/wp-json\/wp\/v2\/types\/post"}],"author":[{"embeddable":true,"href":"https:\/\/www.autismapunktsrezekne.lv\/lv\/wp-json\/wp\/v2\/users\/1"}],"replies":[{"embeddable":true,"href":"https:\/\/www.autismapunktsrezekne.lv\/lv\/wp-json\/wp\/v2\/comments?post=174160"}],"version-history":[{"count":1,"href":"https:\/\/www.autismapunktsrezekne.lv\/lv\/wp-json\/wp\/v2\/posts\/174160\/revisions"}],"predecessor-version":[{"id":174162,"href":"https:\/\/www.autismapunktsrezekne.lv\/lv\/wp-json\/wp\/v2\/posts\/174160\/revisions\/174162"}],"wp:featuredmedia":[{"embeddable":true,"href":"https:\/\/www.autismapunktsrezekne.lv\/lv\/wp-json\/wp\/v2\/media\/174161"}],"wp:attachment":[{"href":"https:\/\/www.autismapunktsrezekne.lv\/lv\/wp-json\/wp\/v2\/media?parent=174160"}],"wp:term":[{"taxonomy":"category","embeddable":true,"href":"https:\/\/www.autismapunktsrezekne.lv\/lv\/wp-json\/wp\/v2\/categories?post=174160"},{"taxonomy":"post_tag","embeddable":true,"href":"https:\/\/www.autismapunktsrezekne.lv\/lv\/wp-json\/wp\/v2\/tags?post=174160"}],"curies":[{"name":"wp","href":"https:\/\/api.w.org\/{rel}","templated":true}]}}