{"id":174166,"date":"2025-09-10T12:48:28","date_gmt":"2025-09-10T10:48:28","guid":{"rendered":"https:\/\/www.autismapunktsrezekne.lv\/?p=174166"},"modified":"2025-09-10T12:48:28","modified_gmt":"2025-09-10T10:48:28","slug":"alises-brinumzemes-parks-igaunija","status":"publish","type":"post","link":"https:\/\/www.autismapunktsrezekne.lv\/lv\/alises-brinumzemes-parks-igaunija\/","title":{"rendered":"&#8221;Alises br\u012bnumzemes&#8221; parks Igaunij\u0101!"},"content":{"rendered":"<p>13.08.25,, Autisma Atbalsta punkts R\u0113zekn\u0113,,brauciens uz Igauniju ,,Alises brinumzemi,, un da\u017eu nometnes dal\u012bbnieku iek\u0101rto\u0161an\u0101s Dek\u0161\u0101res skol\u0101. 1.nometnes dien\u0101. ,,Alises brinumzeme,, ir \u013coti skaista un vizu\u0101li baud\u0101ma vieta,guv\u0101m daudz pozit\u012bvu iespaidu un kopum\u0101 lielu gandar\u012bjumu par braucienu. Paldies ,,Autisma Atbalsta punkts R\u0113zekn\u0113,, atbalst\u012bt\u0101jiem! Organizatoriem Edgaram, Sandrai \u0160iliniem. Vas\u012blijam Pu\u0137iniskim par izvizin\u0101\u0161anu. Aivaram Kaupu\u017eam par nometnes vietas iek\u0101rto\u0161anu un organiz\u0113\u0161anu.Visiem vec\u0101kiem par kop\u0101 b\u016b\u0161anu un iztur\u012bbu!\ud83d\ude0d\ud83e\udd70\ud83e\udde1\ud83d\udc9b\ud83d\udc9a\ud83e\ude77\u2764\ufe0f\ud83d\udc99<\/p>","protected":false},"excerpt":{"rendered":"<p>13.08.25,, Autisma Atbalsta punkts R\u0113zekn\u0113,,brauciens uz Igauniju ,,Alises brinumzemi,, un da\u017eu nometnes dal\u012bbnieku iek\u0101rto\u0161an\u0101s Dek\u0161\u0101res skol\u0101. 1.nometnes dien\u0101. ,,Alises brinumzeme,, ir \u013coti skaista un vizu\u0101li baud\u0101ma vieta,guv\u0101m daudz pozit\u012bvu iespaidu un kopum\u0101 lielu gandar\u012bjumu par braucienu. Paldies ,,Autisma Atbalsta punkts R\u0113zekn\u0113,, atbalst\u012bt\u0101jiem! Organizatoriem Edgaram, Sandrai \u0160iliniem. Vas\u012blijam Pu\u0137iniskim par izvizin\u0101\u0161anu. Aivaram Kaupu\u017eam par nometnes vietas [&hellip;]<\/p>\n","protected":false},"author":1,"featured_media":174167,"comment_status":"closed","ping_status":"closed","sticky":false,"template":"","format":"standard","meta":{"ngg_post_thumbnail":0,"_bbp_topic_count":0,"_bbp_reply_count":0,"_bbp_total_topic_count":0,"_bbp_total_reply_count":0,"_bbp_voice_count":0,"_bbp_anonymous_reply_count":0,"_bbp_topic_count_hidden":0,"_bbp_reply_count_hidden":0,"_bbp_forum_subforum_count":0},"categories":[1],"tags":[],"_links":{"self":[{"href":"https:\/\/www.autismapunktsrezekne.lv\/lv\/wp-json\/wp\/v2\/posts\/174166"}],"collection":[{"href":"https:\/\/www.autismapunktsrezekne.lv\/lv\/wp-json\/wp\/v2\/posts"}],"about":[{"href":"https:\/\/www.autismapunktsrezekne.lv\/lv\/wp-json\/wp\/v2\/types\/post"}],"author":[{"embeddable":true,"href":"https:\/\/www.autismapunktsrezekne.lv\/lv\/wp-json\/wp\/v2\/users\/1"}],"replies":[{"embeddable":true,"href":"https:\/\/www.autismapunktsrezekne.lv\/lv\/wp-json\/wp\/v2\/comments?post=174166"}],"version-history":[{"count":1,"href":"https:\/\/www.autismapunktsrezekne.lv\/lv\/wp-json\/wp\/v2\/posts\/174166\/revisions"}],"predecessor-version":[{"id":174168,"href":"https:\/\/www.autismapunktsrezekne.lv\/lv\/wp-json\/wp\/v2\/posts\/174166\/revisions\/174168"}],"wp:featuredmedia":[{"embeddable":true,"href":"https:\/\/www.autismapunktsrezekne.lv\/lv\/wp-json\/wp\/v2\/media\/174167"}],"wp:attachment":[{"href":"https:\/\/www.autismapunktsrezekne.lv\/lv\/wp-json\/wp\/v2\/media?parent=174166"}],"wp:term":[{"taxonomy":"category","embeddable":true,"href":"https:\/\/www.autismapunktsrezekne.lv\/lv\/wp-json\/wp\/v2\/categories?post=174166"},{"taxonomy":"post_tag","embeddable":true,"href":"https:\/\/www.autismapunktsrezekne.lv\/lv\/wp-json\/wp\/v2\/tags?post=174166"}],"curies":[{"name":"wp","href":"https:\/\/api.w.org\/{rel}","templated":true}]}}