{"id":174169,"date":"2025-09-10T13:01:21","date_gmt":"2025-09-10T11:01:21","guid":{"rendered":"https:\/\/www.autismapunktsrezekne.lv\/?p=174169"},"modified":"2025-09-10T13:01:21","modified_gmt":"2025-09-10T11:01:21","slug":"vasaras-nometne-deksares-2025","status":"publish","type":"post","link":"https:\/\/www.autismapunktsrezekne.lv\/lv\/vasaras-nometne-deksares-2025\/","title":{"rendered":"Vasaras nometne &#8220;DEK\u0160\u0100RES 2025&#8221;!"},"content":{"rendered":"<p>,,Autisma atbalsta punkts R\u0113zekn\u0113,, no\u2764\ufe0fsirds pateicas sponsoriem par materi\u0101lo pusi un visiem labv\u0113\u013ciem, kas pal\u012bdz\u0113ja! Paldies &#8211; sak\u0101m no sirds. \u2764\ufe0f\ud83d\udc96\u2764\ufe0f. IN SENSUM SIA, \ud83e\udd17\ud83d\udc96CORVUS ACCOUNTING SIA. \ud83e\udd17\u2764\ufe0fRITLOGISTIKA SIA\ud83e\udd17\u2764\ufe0fSUPREMIA ZAB SIA\ud83e\udd17\u2764\ufe0fSARMA&#038;NORDE ARHITEKTI SIA\ud83e\udd17\u2764\ufe0fIZGL\u012aT\u012aBAS CENTRS SIA. \ud83e\udd17\u2764\ufe0fUN citi labv\u0113\u013ci! K\u0101 ar\u012b ,,Autisma atbalsta punkts R\u0113zekn\u0113,, 13.08.25 &#8211; 16.08.25 nometnes vec\u0101ki un b\u0113rni uzrakst\u012bja pateic\u012bbas v\u0113stuli!&#8230; M\u016bsu m\u012b\u013cie Sandra un Edgar! \u2764\ufe0fPaldies, ka J\u016bs esat! Sirsn\u012bgs paldies, ka uzb\u016br\u0101t m\u016bsu b\u0113rniem tik kr\u0101sainu un neaizmirstamu nometni. Pateicamies  nometnes vad\u012bt\u0101jam\u2764\ufe0f Aivaram Kaupu\u017eam, kur  katra nometnes diena bij aizraujo\u0161a, p\u0101rdom\u0101ta un neatk\u0101rtojama, iepaz\u012bti novadu labumi, to sirsn\u012bba, laipn\u012bba un g\u016bt\u0101s fantastiskas emocijas un atmi\u0146as. Milz\u012bgs &#8211; PALDIES NO SIRDS\u2764\ufe0fAivaram Kaupu\u017eam &#8211; cilv\u0113ks ,,Supermens,, bez liekiem koment\u0101riem. \u013boti ceram un ticam, ka n\u0101kamgad atkal var\u0113s tikties tikpat super\u012bg\u0101 nometn\u0113!Un PALDIES sak\u0101m no sirds \u2764\ufe0fvisiem ,,Autisma atbalsta punkts R\u0113zekn\u0113,, PASNIEDZ\u0112JIEM, kas ik dienas, darbojas ar m\u016bsu b\u0113rniem! Lai mums visiem kop\u0101 veicas un izdodas! Pateic\u012bb\u0101 ,,Autisma atbalsta punkts R\u0113zekn\u0113,, vec\u0101ki un b\u0113rni! \ud83e\udd17\ud83d\udc96\ud83c\udf05<\/p>","protected":false},"excerpt":{"rendered":"<p>,,Autisma atbalsta punkts R\u0113zekn\u0113,, no\u2764\ufe0fsirds pateicas sponsoriem par materi\u0101lo pusi un visiem labv\u0113\u013ciem, kas pal\u012bdz\u0113ja! Paldies &#8211; sak\u0101m no sirds. \u2764\ufe0f\ud83d\udc96\u2764\ufe0f. IN SENSUM SIA, \ud83e\udd17\ud83d\udc96CORVUS ACCOUNTING SIA. \ud83e\udd17\u2764\ufe0fRITLOGISTIKA SIA\ud83e\udd17\u2764\ufe0fSUPREMIA ZAB SIA\ud83e\udd17\u2764\ufe0fSARMA&#038;NORDE ARHITEKTI SIA\ud83e\udd17\u2764\ufe0fIZGL\u012aT\u012aBAS CENTRS SIA. \ud83e\udd17\u2764\ufe0fUN citi labv\u0113\u013ci! K\u0101 ar\u012b ,,Autisma atbalsta punkts R\u0113zekn\u0113,, 13.08.25 &#8211; 16.08.25 nometnes vec\u0101ki un b\u0113rni uzrakst\u012bja pateic\u012bbas v\u0113stuli!&#8230; M\u016bsu [&hellip;]<\/p>\n","protected":false},"author":1,"featured_media":174170,"comment_status":"closed","ping_status":"closed","sticky":false,"template":"","format":"standard","meta":{"ngg_post_thumbnail":0,"_bbp_topic_count":0,"_bbp_reply_count":0,"_bbp_total_topic_count":0,"_bbp_total_reply_count":0,"_bbp_voice_count":0,"_bbp_anonymous_reply_count":0,"_bbp_topic_count_hidden":0,"_bbp_reply_count_hidden":0,"_bbp_forum_subforum_count":0},"categories":[1],"tags":[],"_links":{"self":[{"href":"https:\/\/www.autismapunktsrezekne.lv\/lv\/wp-json\/wp\/v2\/posts\/174169"}],"collection":[{"href":"https:\/\/www.autismapunktsrezekne.lv\/lv\/wp-json\/wp\/v2\/posts"}],"about":[{"href":"https:\/\/www.autismapunktsrezekne.lv\/lv\/wp-json\/wp\/v2\/types\/post"}],"author":[{"embeddable":true,"href":"https:\/\/www.autismapunktsrezekne.lv\/lv\/wp-json\/wp\/v2\/users\/1"}],"replies":[{"embeddable":true,"href":"https:\/\/www.autismapunktsrezekne.lv\/lv\/wp-json\/wp\/v2\/comments?post=174169"}],"version-history":[{"count":1,"href":"https:\/\/www.autismapunktsrezekne.lv\/lv\/wp-json\/wp\/v2\/posts\/174169\/revisions"}],"predecessor-version":[{"id":174171,"href":"https:\/\/www.autismapunktsrezekne.lv\/lv\/wp-json\/wp\/v2\/posts\/174169\/revisions\/174171"}],"wp:featuredmedia":[{"embeddable":true,"href":"https:\/\/www.autismapunktsrezekne.lv\/lv\/wp-json\/wp\/v2\/media\/174170"}],"wp:attachment":[{"href":"https:\/\/www.autismapunktsrezekne.lv\/lv\/wp-json\/wp\/v2\/media?parent=174169"}],"wp:term":[{"taxonomy":"category","embeddable":true,"href":"https:\/\/www.autismapunktsrezekne.lv\/lv\/wp-json\/wp\/v2\/categories?post=174169"},{"taxonomy":"post_tag","embeddable":true,"href":"https:\/\/www.autismapunktsrezekne.lv\/lv\/wp-json\/wp\/v2\/tags?post=174169"}],"curies":[{"name":"wp","href":"https:\/\/api.w.org\/{rel}","templated":true}]}}