{"id":174247,"date":"2026-09-01T15:27:36","date_gmt":"2026-09-01T13:27:36","guid":{"rendered":"https:\/\/www.autismapunktsrezekne.lv\/?p=174247"},"modified":"2026-09-01T15:27:36","modified_gmt":"2026-09-01T13:27:36","slug":"biedribas-gimenu-saiets-raznas-perle-2026","status":"publish","type":"post","link":"https:\/\/www.autismapunktsrezekne.lv\/lv\/biedribas-gimenu-saiets-raznas-perle-2026\/","title":{"rendered":"BIEDR\u012aBAS \u0122IME\u0145U SAIETS &#8220;R\u0100ZNAS P\u0112RLE 2026&#8243;"},"content":{"rendered":"<p>13.08.26. Biedr\u012bbas ,,Autisma atbalsta punkts R\u0113zekn\u0113,, \u0123ime\u0146u saiets ,,R\u0101znas p\u0113rle 2026,, s\u0101k\u0101s ar iepaz\u012b\u0161anos un loteriju. Pirm\u0101 diena tika velt\u012bta dabas iepaz\u012b\u0161anai un dal\u012bbnieki akt\u012bvi piedal\u012bj\u0101s nodarb\u012bb\u0101, kur uzzin\u0101ja interesantus faktus par Latvij\u0101 augo\u0161iem \u0137\u0113rpjiem un s\u0113n\u0113m. Iem\u0101c\u012bj\u0101s atpaz\u012bt \u0113dam\u0101s s\u0113nes, tais\u012bja pap\u012bru no sasmalcin\u0101tiem \u0137\u0113rpjiem un izp\u0113t\u012bja apk\u0101rtnes augu valsti. \u0160o nodarb\u012bbu vad\u012bja Ren\u0101te un Art\u016brs no biedr\u012bbas ,,Daba run\u0101, es klausos,,. P\u0113c tam b\u0113rni un vec\u0101ki  gatavoja gar\u0161\u012bgus un vesel\u012bgus bezglut\u0113na saldumus, k\u0101 ar\u012b apciemoja savva\u013cas zirgus dabiskaj\u0101s p\u013cav\u0101s ,,Saf\u012bra L,, saimniec\u012bb\u0101. Dienas nosl\u0113gum\u0101 visi piedal\u012bj\u0101s su\u0146u paklaus\u012bbas demonstr\u0113jumos. Pa\u0113du\u0161i vakari\u0146as un atp\u016btu\u0161ies dev\u0101s \u0113rtaj\u0101s istabi\u0146\u0101s, gatavoties naktsmieram.<\/p>\n<p>14.08.26 Biedr\u012bbas ,,Autisma atbalsta punkts R\u0113zekn\u0113,, \u0123ime\u0146u saieta ,,R\u0101znas P\u0113rle 2026,, 2.diena s\u0101k\u0101s ar jogu, lielisk\u0101 Aivara Kaupu\u017ea, saieta organizatora un vad\u012bt\u0101ja vad\u012bb\u0101 b\u0113rni un vec\u0101ki var\u0113ja labi izvingroties. T\u0101l\u0101k visi dev\u0101s ekskursij\u0101 uz Prei\u013ciem, kur atjaunotaj\u0101 pil\u012b 5Dkino prezent\u0101cij\u0101 iepazin\u0101s ar seno rokdarbu meistariem. Apskat\u012bja m\u0101kslas izst\u0101di un noklaus\u012bj\u0101s spoku st\u0101stus. Turpin\u0101jum\u0101 b\u0113rni un pieaugu\u0161ie dev\u0101s uz Prei\u013cu lel\u013cu muzeju, ko vada meistare Vladlena, kur apskat\u012bja un priec\u0101jas par meistar\u012bgi izveidotajiem le\u013c\u013cu t\u0113liem. P\u0113c tam akt\u012bvi nov\u0113rt\u0113ja un izm\u0113\u0123in\u0101ja jaunizveidoto b\u0113rnu atp\u016btas ,,\u017dika laukumu,,. Atce\u013c\u0101 uz R\u0101znu visi viesoj\u0101s \u0100rdavas mui\u017e\u0101, kur piedal\u012bj\u0101s ,,Zelma Kraft,, \u0101das rokdarbu darbn\u012bc\u0101. Milz\u012bgs paldies mui\u017eas saimniecei Maijai par sirsn\u012bgu uz\u0146em\u0161anu un vi\u0146as v\u012bram D\u017eeimijam par gar\u0161\u012bgo karsto \u0161okol\u0101des dz\u0113rienu. K\u0101 ar\u012b, liels paldies foto m\u0101ksliniecei Krist\u012bnei par meistardarbn\u012bcas procesa iem\u016b\u017ein\u0101\u0161anu foto sesij\u0101. Diena nosl\u0113dz\u0101s ar aktivit\u0101t\u0113m R\u0101znas ezer\u0101 ar peld\u0113\u0161anos, brauk\u0161anu ar laivu, Sup d\u0113\u013ciem. Paldies visiem par iztur\u012bbu, sadarb\u012bbu! <\/p>\n<p>15.08.26. ,,Biedr\u012bbas autisma atbalsta punkts R\u0113zekn\u0113&#8221; \u0123ime\u0146u saieta ,,R\u0101znas p\u0113rle 2026,, tre\u0161\u0101 diena s\u0101k\u0101s ar Aivara Kaupu\u017ea ,saieta organizatora un vad\u012bt\u0101ja, lokano jogu. Bet p\u0113c brokast\u012bm turpin\u0101j\u0101s ar da\u017e\u0101d\u0101m sporta aktivit\u0101tem un stafet\u0113m, kur katrs b\u0113rns, pieaugu\u0161ais sadarboj\u0101s un apguva jaunas fizisk\u0101s iema\u0146as un guva pozit\u012bvu gandar\u012bjumu, ar\u012b meda\u013cas. P\u0113cpusdiena tika velt\u012bta m\u0101kslas darbn\u012bc\u0101m, kuras vad\u012bja m\u0101ksliniece Jurita Bak\u0101ne un studente And\u017eelika. Mammas gleznoja dabas skatus un b\u0113rni veidoja z\u012bm\u0113jumus da\u017e\u0101d\u0101s tehnik\u0101s, darbi izdev\u0101s skaisti ,kr\u0101saini un tika g\u016bts daudz pozit\u012bvu emociju, gandar\u012bjums par paveikto. Vakars nosl\u0113dz\u0101s ar kop\u012bgu zupas v\u0101r\u012b\u0161anu, pirti un kubulu, kur b\u0113rni un pieaugu\u0161ie guva piln\u012bgu relaks\u0101ciju. Diena bija  piedz\u012bvojumu, aktivit\u0101\u0161u un pozit\u012bvu emociju bag\u0101ta.<\/p>\n<p>16.08.26. ,,Autisma atbalsta punkts R\u0113zekn\u0113,, \u0123ime\u0146u saieta ,,R\u0101znas p\u0113rle 2026,, nosl\u0113dzo\u0161\u0101 diena k\u0101 parasti s\u0101k\u0101s ar jogas nodarb\u012bbu -Aivara Kaupu\u017ea vad\u012bb\u0101 un \u016bdens baud\u012b\u0161anu pie R\u0101znas. Turpin\u0101jum\u0101 notika apbalvo\u0161anas, apd\u0101vin\u0101\u0161anas ceremonija un atvad\u012b\u0161an\u0101s no skaist\u0101s, m\u0101j\u012bg\u0101s  ,,R\u0101znas p\u0113rle,, viesu m\u0101jas. Lielu un sirsn\u012bgu paldies  izsak\u0101m \u0161\u012bs m\u0101jas saimniecei LINDAI par sirsn\u012bgu uz\u0146em\u0161anu, gar\u0161\u012bg\u0101m, s\u0101t\u012bg\u0101m \u0113dienreiz\u0113m un visa nepiecie\u0161am\u0101 nodro\u0161in\u0101\u0161anu saieta dal\u012bbniekiem. P\u0113c tam, atvadoties, visi dal\u012bbnieki dev\u0101s uz nosl\u0113guma pikniku atp\u016btas viet\u0101 ,,Garkalni,, kur visi priec\u0101j\u0101s par saimnieka Gun\u0101ra Smei\u013ca viesm\u012bl\u012bbu viesu m\u0101j\u0101, kur\u0161 bez atl\u012bdz\u012bbas deva iesp\u0113ju  izbaud\u012bt bask\u0101ju trasi, rota\u013cu laukumus un braucienus ar kvadraciklu. Visi dal\u012bbnieki atp\u016bt\u0101s, izbaud\u012bja pikniku, gardumus un dal\u012bj\u0101s savos iespaidos. Visiem palika siltas atmi\u0146as un gandar\u012bjums par kop\u0101 pavad\u012btu laiku. No sirds \u2764\ufe0f izsak\u0101m lielu paldies par saieta organiz\u0113\u0161anu un vad\u012b\u0161anu -\u2764\ufe0fAivaram Kaupu\u017eam, par vi\u0146a lielo uz\u0146\u0113m\u012bbu, sirsn\u012bbu. K\u0101 ar\u012b liels un sirsn\u012bgs paldies ,,Autisma atbalsta punkts R\u0113zekn\u0113,, vad\u012bt\u0101jam \u2764\ufe0fEdgaram \u0160ilinam par materi\u0101lo  labsaj\u016btas nodro\u0161in\u0101jumu, procesa organiz\u0113\u0161anu un kontroli,\u2764\ufe0fSandrai par foto, video ievieto\u0161anu un d\u0101vanu sag\u0101d\u0101\u0161anu, liels paldies  sponsoriem, labv\u0113\u013ciem  visiem cilv\u0113kiem, kas iesaist\u012bj\u0101s \u0161aj\u0101 pas\u0101kum\u0101. \u012apa\u0161s paldies psiholo\u0123ijas studentei no Lielbrit\u0101nijas Ariannai Vi\u0161\u0146akovai, kura visu \u0161o laiku pavad\u012bja kop\u0101 ar saieta dal\u012bbniekiem un neatteica nevienam savu pal\u012bdz\u012bbu un sirsn\u012bgas sarunas. Liels, sirsn\u012bgs  \u2764\ufe0f\ud83e\udd17paldies vec\u0101kiem un b\u0113rniem, kas piedal\u012bj\u0101s \u0161aj\u0101 saiet\u0101, kas  sadarboj\u0101s un baud\u012bja kop\u012bgu kop\u0101b\u016b\u0161anu, guva pozit\u012bvas emocijas.<\/p>","protected":false},"excerpt":{"rendered":"<p>13.08.26. Biedr\u012bbas ,,Autisma atbalsta punkts R\u0113zekn\u0113,, \u0123ime\u0146u saiets ,,R\u0101znas p\u0113rle 2026,, s\u0101k\u0101s ar iepaz\u012b\u0161anos un loteriju. Pirm\u0101 diena tika velt\u012bta dabas iepaz\u012b\u0161anai un dal\u012bbnieki akt\u012bvi piedal\u012bj\u0101s nodarb\u012bb\u0101, kur uzzin\u0101ja interesantus faktus par Latvij\u0101 augo\u0161iem \u0137\u0113rpjiem un s\u0113n\u0113m. Iem\u0101c\u012bj\u0101s atpaz\u012bt \u0113dam\u0101s s\u0113nes, tais\u012bja pap\u012bru no sasmalcin\u0101tiem \u0137\u0113rpjiem un izp\u0113t\u012bja apk\u0101rtnes augu valsti. \u0160o nodarb\u012bbu vad\u012bja Ren\u0101te [&hellip;]<\/p>\n","protected":false},"author":1,"featured_media":174248,"comment_status":"closed","ping_status":"closed","sticky":false,"template":"","format":"standard","meta":{"ngg_post_thumbnail":0,"_bbp_topic_count":0,"_bbp_reply_count":0,"_bbp_total_topic_count":0,"_bbp_total_reply_count":0,"_bbp_voice_count":0,"_bbp_anonymous_reply_count":0,"_bbp_topic_count_hidden":0,"_bbp_reply_count_hidden":0,"_bbp_forum_subforum_count":0},"categories":[1],"tags":[],"_links":{"self":[{"href":"https:\/\/www.autismapunktsrezekne.lv\/lv\/wp-json\/wp\/v2\/posts\/174247"}],"collection":[{"href":"https:\/\/www.autismapunktsrezekne.lv\/lv\/wp-json\/wp\/v2\/posts"}],"about":[{"href":"https:\/\/www.autismapunktsrezekne.lv\/lv\/wp-json\/wp\/v2\/types\/post"}],"author":[{"embeddable":true,"href":"https:\/\/www.autismapunktsrezekne.lv\/lv\/wp-json\/wp\/v2\/users\/1"}],"replies":[{"embeddable":true,"href":"https:\/\/www.autismapunktsrezekne.lv\/lv\/wp-json\/wp\/v2\/comments?post=174247"}],"version-history":[{"count":1,"href":"https:\/\/www.autismapunktsrezekne.lv\/lv\/wp-json\/wp\/v2\/posts\/174247\/revisions"}],"predecessor-version":[{"id":174249,"href":"https:\/\/www.autismapunktsrezekne.lv\/lv\/wp-json\/wp\/v2\/posts\/174247\/revisions\/174249"}],"wp:featuredmedia":[{"embeddable":true,"href":"https:\/\/www.autismapunktsrezekne.lv\/lv\/wp-json\/wp\/v2\/media\/174248"}],"wp:attachment":[{"href":"https:\/\/www.autismapunktsrezekne.lv\/lv\/wp-json\/wp\/v2\/media?parent=174247"}],"wp:term":[{"taxonomy":"category","embeddable":true,"href":"https:\/\/www.autismapunktsrezekne.lv\/lv\/wp-json\/wp\/v2\/categories?post=174247"},{"taxonomy":"post_tag","embeddable":true,"href":"https:\/\/www.autismapunktsrezekne.lv\/lv\/wp-json\/wp\/v2\/tags?post=174247"}],"curies":[{"name":"wp","href":"https:\/\/api.w.org\/{rel}","templated":true}]}}