{"id":231,"date":"2015-04-10T11:10:03","date_gmt":"2015-04-10T09:10:03","guid":{"rendered":"http:\/\/aapr.ms-idi.eu\/?p=231"},"modified":"2015-07-19T11:55:08","modified_gmt":"2015-07-19T09:55:08","slug":"ziemassvetki","status":"publish","type":"post","link":"https:\/\/www.autismapunktsrezekne.lv\/lv\/ziemassvetki\/","title":{"rendered":"Ziemassvetki 2014"},"content":{"rendered":"<p>Biedr\u012bba &#8220;Autisma atbalsta punkts R\u0113zekn\u0113&#8221; pateicas PII &#8220;Bit\u012bte&#8221; vad\u012bt\u0101jai Vilmai Ka\u013ci\u0146inai un visam kolekt\u012bvam par sniegto iesp\u0113ju pavad\u012bt Ziemassv\u0113tku pas\u0101kumu PII &#8220;Bit\u012bte&#8221;&#8221; telp\u0101s.<br \/>\n<\/br><br \/>\n<\/br><br \/>\n<\/br><br \/>\n<\/br><br \/>\n<\/br><br \/>\n<\/br><br \/>\n<\/br><br \/>\n<\/br><\/p>","protected":false},"excerpt":{"rendered":"<p>Biedr\u012bba &#8220;Autisma atbalsta punkts R\u0113zekn\u0113&#8221; pateicas PII &#8220;Bit\u012bte&#8221; vad\u012bt\u0101jai Vilmai Ka\u013ci\u0146inai un visam kolekt\u012bvam par sniegto iesp\u0113ju pavad\u012bt Ziemassv\u0113tku pas\u0101kumu PII &#8220;Bit\u012bte&#8221;&#8221; telp\u0101s.<\/p>\n","protected":false},"author":1,"featured_media":553,"comment_status":"closed","ping_status":"closed","sticky":false,"template":"","format":"standard","meta":{"ngg_post_thumbnail":0,"_bbp_topic_count":0,"_bbp_reply_count":0,"_bbp_total_topic_count":0,"_bbp_total_reply_count":0,"_bbp_voice_count":0,"_bbp_anonymous_reply_count":0,"_bbp_topic_count_hidden":0,"_bbp_reply_count_hidden":0,"_bbp_forum_subforum_count":0},"categories":[1],"tags":[],"_links":{"self":[{"href":"https:\/\/www.autismapunktsrezekne.lv\/lv\/wp-json\/wp\/v2\/posts\/231"}],"collection":[{"href":"https:\/\/www.autismapunktsrezekne.lv\/lv\/wp-json\/wp\/v2\/posts"}],"about":[{"href":"https:\/\/www.autismapunktsrezekne.lv\/lv\/wp-json\/wp\/v2\/types\/post"}],"author":[{"embeddable":true,"href":"https:\/\/www.autismapunktsrezekne.lv\/lv\/wp-json\/wp\/v2\/users\/1"}],"replies":[{"embeddable":true,"href":"https:\/\/www.autismapunktsrezekne.lv\/lv\/wp-json\/wp\/v2\/comments?post=231"}],"version-history":[{"count":6,"href":"https:\/\/www.autismapunktsrezekne.lv\/lv\/wp-json\/wp\/v2\/posts\/231\/revisions"}],"predecessor-version":[{"id":778,"href":"https:\/\/www.autismapunktsrezekne.lv\/lv\/wp-json\/wp\/v2\/posts\/231\/revisions\/778"}],"wp:featuredmedia":[{"embeddable":true,"href":"https:\/\/www.autismapunktsrezekne.lv\/lv\/wp-json\/wp\/v2\/media\/553"}],"wp:attachment":[{"href":"https:\/\/www.autismapunktsrezekne.lv\/lv\/wp-json\/wp\/v2\/media?parent=231"}],"wp:term":[{"taxonomy":"category","embeddable":true,"href":"https:\/\/www.autismapunktsrezekne.lv\/lv\/wp-json\/wp\/v2\/categories?post=231"},{"taxonomy":"post_tag","embeddable":true,"href":"https:\/\/www.autismapunktsrezekne.lv\/lv\/wp-json\/wp\/v2\/tags?post=231"}],"curies":[{"name":"wp","href":"https:\/\/api.w.org\/{rel}","templated":true}]}}