{"id":39,"date":"2015-01-25T23:37:02","date_gmt":"2015-01-25T21:37:02","guid":{"rendered":"http:\/\/aapr.ms-idi.eu\/?p=39"},"modified":"2015-07-19T11:53:47","modified_gmt":"2015-07-19T09:53:47","slug":"projekts-apcelo-rudenigo-latgali","status":"publish","type":"post","link":"https:\/\/www.autismapunktsrezekne.lv\/lv\/projekts-apcelo-rudenigo-latgali\/","title":{"rendered":"Projekts &#8220;Apce\u013co ruden\u012bgo Latgali&#8221;"},"content":{"rendered":"<p><a href=\"http:\/\/aapr.ms-idi.eu\/wp-content\/uploads\/2015\/01\/l_370486030.jpg\"><img loading=\"lazy\" class=\"alignleft size-medium wp-image-105\" src=\"http:\/\/aapr.ms-idi.eu\/wp-content\/uploads\/2015\/01\/l_370486030-300x200.jpg\" alt=\"Projekts &quot;Apce\u013co ruden\u012bgo Latgali&quot;\" width=\"300\" height=\"200\" srcset=\"https:\/\/www.autismapunktsrezekne.lv\/wp-content\/uploads\/2015\/01\/l_370486030-300x200.jpg 300w, https:\/\/www.autismapunktsrezekne.lv\/wp-content\/uploads\/2015\/01\/l_370486030.jpg 710w\" sizes=\"(max-width: 300px) 100vw, 300px\" \/><\/a>Sadarb\u012bb\u0101 \u00a0ar \u201eLatvijas vides aizsardz\u012bbas fondu\u201d no 2014. gada 1. septembra l\u012bdz 2014. gada 31. oktobrim Biedr\u012bba \u201eAutisma atbalsta punkts R\u0113zekn\u0113\u201d organiz\u0113ja 4 (\u010detras) ekskursijas uz da\u017e\u0101d\u0101m Latgales viet\u0101m b\u0113rniem ar \u012bpa\u0161\u0101m vajadz\u012bb\u0101m.<br \/>\n<!--more--><br \/>\nProjekta \u201eApce\u013co ruden\u012bgo Latgali\u201d galvenais m\u0113r\u0137is bija veicin\u0101t b\u0113rnu ar \u012bpa\u0161\u0101m vajadz\u012bb\u0101m izpratni par vidi un dabu, t\u0101s probl\u0113m\u0101m un motiv\u0113t vi\u0146us akt\u012bvai darb\u012bbai vides un dabas resursu taup\u012b\u0161an\u0101, k\u0101 ar\u012b izzin\u0101t Latgales skaist\u0101k\u0101s vietas un novada daudzveid\u012bgo dabu.<\/p>\n<p>Ekskursijas norisin\u0101j\u0101s profesion\u0101la gida pavad\u012bb\u0101, tika apskat\u012bti pilskalni, ezeri, dabas takas un parki, k\u0101 ar\u012b da\u017e\u0101das arhitektoniski un m\u0101kslinieciski v\u0113rt\u012bgas celtnes Ludzas un K\u0101rsavas, Daugavpils, Prei\u013cu, Riebi\u0146u un L\u012bv\u0101nu novados. B\u0113rniem tika sniegta detaliz\u0113ta inform\u0101cija par apskat\u0101majiem objektiem, k\u0101 ar\u012b tika diskut\u0113ts par dabu un vidi, t\u0101d\u0113j\u0101di aktualiz\u0113jot \u0161\u012b aspekta noz\u012bmi indiv\u012bda un sabiedriskaj\u0101 dz\u012bv\u0113.<\/p>\n<p>Projekta nosl\u0113gum\u0101 tika organiz\u0113ta izst\u0101de, izvietotas fotogr\u0101fijas no ekskursij\u0101m, k\u0101 ar\u012b to laik\u0101 sav\u0101ktie dabas ekspon\u0101ti un b\u0113rnu pa\u0161u rok\u0101m darin\u0101t\u0101s kompoz\u012bcijas.<\/p>\n<p>Biedr\u012bbas \u201eAutisma atbalsta punkts R\u0113zekn\u0113\u201d dal\u012bbnieki pateicas visiem, kas pal\u012bdz\u0113ja \u012bstenot \u0161o projektu un 20 (divdesmit) \u00a0b\u0113rniem ar \u012bpa\u0161\u0101m vajadz\u012bb\u0101m deva iesp\u0113ju g\u016bt neaizmirstamus iespaidus, k\u0101 ar\u012b izbaud\u012bt un apskat\u012bt ruden\u012bgo Latgales dabu.<\/p>","protected":false},"excerpt":{"rendered":"<p>Sadarb\u012bb\u0101 \u00a0ar \u201eLatvijas vides aizsardz\u012bbas fondu\u201d no 2014. gada 1. septembra l\u012bdz 2014. gada 31. oktobrim Biedr\u012bba \u201eAutisma atbalsta punkts R\u0113zekn\u0113\u201d organiz\u0113ja 4 (\u010detras) ekskursijas uz da\u017e\u0101d\u0101m Latgales viet\u0101m b\u0113rniem ar \u012bpa\u0161\u0101m vajadz\u012bb\u0101m.<\/p>\n","protected":false},"author":1,"featured_media":105,"comment_status":"closed","ping_status":"closed","sticky":false,"template":"","format":"standard","meta":{"ngg_post_thumbnail":0,"_bbp_topic_count":0,"_bbp_reply_count":0,"_bbp_total_topic_count":0,"_bbp_total_reply_count":0,"_bbp_voice_count":0,"_bbp_anonymous_reply_count":0,"_bbp_topic_count_hidden":0,"_bbp_reply_count_hidden":0,"_bbp_forum_subforum_count":0},"categories":[1],"tags":[],"_links":{"self":[{"href":"https:\/\/www.autismapunktsrezekne.lv\/lv\/wp-json\/wp\/v2\/posts\/39"}],"collection":[{"href":"https:\/\/www.autismapunktsrezekne.lv\/lv\/wp-json\/wp\/v2\/posts"}],"about":[{"href":"https:\/\/www.autismapunktsrezekne.lv\/lv\/wp-json\/wp\/v2\/types\/post"}],"author":[{"embeddable":true,"href":"https:\/\/www.autismapunktsrezekne.lv\/lv\/wp-json\/wp\/v2\/users\/1"}],"replies":[{"embeddable":true,"href":"https:\/\/www.autismapunktsrezekne.lv\/lv\/wp-json\/wp\/v2\/comments?post=39"}],"version-history":[{"count":10,"href":"https:\/\/www.autismapunktsrezekne.lv\/lv\/wp-json\/wp\/v2\/posts\/39\/revisions"}],"predecessor-version":[{"id":777,"href":"https:\/\/www.autismapunktsrezekne.lv\/lv\/wp-json\/wp\/v2\/posts\/39\/revisions\/777"}],"wp:featuredmedia":[{"embeddable":true,"href":"https:\/\/www.autismapunktsrezekne.lv\/lv\/wp-json\/wp\/v2\/media\/105"}],"wp:attachment":[{"href":"https:\/\/www.autismapunktsrezekne.lv\/lv\/wp-json\/wp\/v2\/media?parent=39"}],"wp:term":[{"taxonomy":"category","embeddable":true,"href":"https:\/\/www.autismapunktsrezekne.lv\/lv\/wp-json\/wp\/v2\/categories?post=39"},{"taxonomy":"post_tag","embeddable":true,"href":"https:\/\/www.autismapunktsrezekne.lv\/lv\/wp-json\/wp\/v2\/tags?post=39"}],"curies":[{"name":"wp","href":"https:\/\/api.w.org\/{rel}","templated":true}]}}