{"id":41819,"date":"2018-07-11T12:25:55","date_gmt":"2018-07-11T10:25:55","guid":{"rendered":"http:\/\/www.autismsrezekne.lv\/?p=41819"},"modified":"2018-07-11T12:25:55","modified_gmt":"2018-07-11T10:25:55","slug":"toma-brauciens-uz-peterburgu","status":"publish","type":"post","link":"https:\/\/www.autismapunktsrezekne.lv\/lv\/toma-brauciens-uz-peterburgu\/","title":{"rendered":"TOMA BRAUCIENS UZ P\u0112TERBURGU!"},"content":{"rendered":"<p>Labdien!<br \/>\n\u0160is st\u0101sts b\u016bs par maz\u0101 Toma braucienu uz Sankt-P\u0113terburgas neirolo\u0123ijas kl\u012bniku \u201cDoktr\u012bna\u201d. Par \u0161\u0101du kl\u012bniku uzzin\u0101j\u0101m jau vair\u0101k k\u0101 pirms gada biedr\u012bb\u0101 \u201eAutisma atbalsta punkts R\u0113zekn\u0113\u201d, bet lik\u0101s ka Toms v\u0113l mazs un pats pas\u0101kums \u013coti d\u0101rgs, toreiz m\u0113s pat neizmantoj\u0101m iesp\u0113ju aiziet uz \u0101rsta konsult\u0101ciju.<br \/>\nTom\u0113r 2017.gada nogal\u0113, kad v\u0113lreiz rad\u0101s t\u0101da iesp\u0113ja, nol\u0113m\u0101m pam\u0113\u0123in\u0101t un m\u016bs uzaicin\u0101ja uz kl\u012bniku, kurp dev\u0101mies \u0161ogad j\u016bnija pirmaj\u0101 pus\u0113. Pirmaj\u0101s dien\u0101s bija konsult\u0101cijas pie logop\u0113da, neirologa un otolaringologa, kur\u0101s tika veiktas vair\u0101kas p\u0101rbaudes, tostarp elektroencefolografija, p\u0101rbaud\u012bta dzirde, veikta otoakustisk\u0101 emisija un timpanometrija.<br \/>\nJau pirmaj\u0101 konsult\u0101cij\u0101 tika konstat\u0113ts, ka Tomam ir sa\u0161aurin\u0101ti auss kan\u0101li\u0146i, mums lika ieg\u0101d\u0101ties z\u0101les un p\u0101ris dienas veikt auss kan\u0101lu t\u012br\u012b\u0161anu. Par\u0101l\u0113li tika sast\u0101d\u012bts rehabilit\u0101cijas kurss un noz\u012bm\u0113tas vair\u0101kas proced\u016bras. Mikropolariz\u0101cijas kurss, lai rad\u012btu optim\u0101lu vidi valodas att\u012bst\u012bbas zon\u0101s; \u0101rstniecisk\u0101 fizkult\u016bra (m\u016bsu gad\u012bjum\u0101 speci\u0101l\u0101 noda\u013c\u0101, kas paredz\u0113ta b\u0113rniem ar cerebr\u0101lo trieku), kur tika str\u0101d\u0101ts pie tonusa paaugstin\u0101\u0161anas un veikti vingrin\u0101jumi, lai veidotu pareizu kust\u012bbu algoritmu. \u0100rstniecisk\u0101 mas\u0101\u017e\u0101 akcents tika likts uz venozo asinsrites uzlabo\u0161anu kakla zon\u0101. Logop\u0113disk\u0101 mas\u0101\u017ea bij mums kaut kas neredz\u0113ts un fantastisks, ar kuras pal\u012bdz\u012bbu tika pan\u0101kta valodas apar\u0101ta musku\u013cu tonusa uzlabojumi. Bez visa t\u0101 v\u0113l tika veikta bioakustisk\u0101 korekcija (BAK), m\u016bzikas terapija un s\u012bk\u0101s motorikas att\u012bst\u012bbas nodarb\u012bbas. No vair\u0101kiem speci\u0101listiem dzird\u0113j\u0101m p\u0101rmetumus, kur m\u0113s bij\u0101m agr\u0101k, bet nekas v\u0113l nav zaud\u0113ts, periodiski kursi neirolo\u0123ijas kl\u012bnik\u0101 (laika period\u0101 no 2-12 m\u0113ne\u0161iem) un regul\u0101ras nodarb\u012bbas Latvij\u0101 var veicin\u0101t un uzlabot Toma att\u012bst\u012bbu. Mums ieteica turpin\u0101t Latvij\u0101 ies\u0101kto reitterapiju un fizioterapiju, bet regul\u0101ri, nevis kursu veid\u0101. T\u0101pat tika rekomend\u0113tas regul\u0101ras nodarb\u012bbas pie logop\u0113da, tai skait\u0101 logop\u0113disk\u0101 mas\u0101\u017ea, diem\u017e\u0113l l\u012bdz \u0161im Latvij\u0101 mums nav n\u0101cies sastapt t\u0101du speci\u0101listu, kas veiktu t\u0101du mas\u0101\u017eu. K\u0101 ar\u012b nepiecie\u0161ams ikdien\u0101 veicin\u0101t s\u012bk\u0101s motorikas un ritma att\u012bst\u012bbu. T\u0101 k\u0101 nekas nav beidzies, viss turpin\u0101s, smags un intens\u012bvs darbs turpin\u0101ms ar\u012b m\u0101j\u0101s. Patst\u0101v\u012bgi Toms v\u0113l joproj\u0101m nest\u0101v, bet pie gultas vai cita atbalsta pieturoties var jau vair\u0101kas min\u016btes nost\u0101v\u0113t, br\u012bvi r\u0101pjas uz\/no gultas. V\u0101rdu \u201emamma\u201d m\u0113s Krievij\u0101, logop\u0113disko mas\u0101\u017eu laik\u0101 sadzird\u0113j\u0101m, ar logop\u0113da pal\u012bdz\u012bbu, l\u012bdz ar to ir tic\u012bba, ka kaut kad tom\u0113r Toms ar\u012b apzin\u0101ti sp\u0113s to pateikt.<br \/>\nTamd\u0113\u013c gribam ikvienam pateikt lielu PALDIES, gan par mor\u0101lo, gan finansi\u0101lo atbalstu, radot mums iesp\u0113ju aizbraukt uz \u0161o kl\u012bniku, bez Jums mums tas v\u0113l b\u016btu sapnis, bet nu m\u0113s jau varam baud\u012bt aug\u013cus un smelties sp\u0113kus un iedvesmu n\u0101kamajam braucienam!<br \/>\nAin\u0101rs un Linda Cau\u0146as<br \/>\n<\/p>","protected":false},"excerpt":{"rendered":"<p>Labdien! \u0160is st\u0101sts b\u016bs par maz\u0101 Toma braucienu uz Sankt-P\u0113terburgas neirolo\u0123ijas kl\u012bniku \u201cDoktr\u012bna\u201d. Par \u0161\u0101du kl\u012bniku uzzin\u0101j\u0101m jau vair\u0101k k\u0101 pirms gada biedr\u012bb\u0101 \u201eAutisma atbalsta punkts R\u0113zekn\u0113\u201d, bet lik\u0101s ka Toms v\u0113l mazs un pats pas\u0101kums \u013coti d\u0101rgs, toreiz m\u0113s pat neizmantoj\u0101m iesp\u0113ju aiziet uz \u0101rsta konsult\u0101ciju. Tom\u0113r 2017.gada nogal\u0113, kad v\u0113lreiz rad\u0101s t\u0101da iesp\u0113ja, [&hellip;]<\/p>\n","protected":false},"author":1,"featured_media":41729,"comment_status":"closed","ping_status":"closed","sticky":false,"template":"","format":"standard","meta":{"ngg_post_thumbnail":0,"_bbp_topic_count":0,"_bbp_reply_count":0,"_bbp_total_topic_count":0,"_bbp_total_reply_count":0,"_bbp_voice_count":0,"_bbp_anonymous_reply_count":0,"_bbp_topic_count_hidden":0,"_bbp_reply_count_hidden":0,"_bbp_forum_subforum_count":0},"categories":[1],"tags":[],"_links":{"self":[{"href":"https:\/\/www.autismapunktsrezekne.lv\/lv\/wp-json\/wp\/v2\/posts\/41819"}],"collection":[{"href":"https:\/\/www.autismapunktsrezekne.lv\/lv\/wp-json\/wp\/v2\/posts"}],"about":[{"href":"https:\/\/www.autismapunktsrezekne.lv\/lv\/wp-json\/wp\/v2\/types\/post"}],"author":[{"embeddable":true,"href":"https:\/\/www.autismapunktsrezekne.lv\/lv\/wp-json\/wp\/v2\/users\/1"}],"replies":[{"embeddable":true,"href":"https:\/\/www.autismapunktsrezekne.lv\/lv\/wp-json\/wp\/v2\/comments?post=41819"}],"version-history":[{"count":1,"href":"https:\/\/www.autismapunktsrezekne.lv\/lv\/wp-json\/wp\/v2\/posts\/41819\/revisions"}],"predecessor-version":[{"id":41820,"href":"https:\/\/www.autismapunktsrezekne.lv\/lv\/wp-json\/wp\/v2\/posts\/41819\/revisions\/41820"}],"wp:featuredmedia":[{"embeddable":true,"href":"https:\/\/www.autismapunktsrezekne.lv\/lv\/wp-json\/wp\/v2\/media\/41729"}],"wp:attachment":[{"href":"https:\/\/www.autismapunktsrezekne.lv\/lv\/wp-json\/wp\/v2\/media?parent=41819"}],"wp:term":[{"taxonomy":"category","embeddable":true,"href":"https:\/\/www.autismapunktsrezekne.lv\/lv\/wp-json\/wp\/v2\/categories?post=41819"},{"taxonomy":"post_tag","embeddable":true,"href":"https:\/\/www.autismapunktsrezekne.lv\/lv\/wp-json\/wp\/v2\/tags?post=41819"}],"curies":[{"name":"wp","href":"https:\/\/api.w.org\/{rel}","templated":true}]}}