{"id":41879,"date":"2018-11-30T12:28:35","date_gmt":"2018-11-30T10:28:35","guid":{"rendered":"http:\/\/www.autismsrezekne.lv\/?p=41879"},"modified":"2018-11-30T12:28:35","modified_gmt":"2018-11-30T10:28:35","slug":"ulda-brauciens-uz-sanktpeterburgu","status":"publish","type":"post","link":"https:\/\/www.autismapunktsrezekne.lv\/lv\/ulda-brauciens-uz-sanktpeterburgu\/","title":{"rendered":"ULDA BRAUCIENS UZ SANKTP\u0112TERBURGU!"},"content":{"rendered":"<p>\u0160\u012b gada august\u0101 mums bija iesp\u0113ja doties uz Krievijas kl\u012bniku \u201cDoktr\u012bna\u201duz atk\u0101rtotu divu ned\u0113\u013cu rehabilit\u0101cijas kursu. Ar jaun\u0101s dienas s\u0101kumu, ar jauniem sp\u0113kiem, n\u0101kamaj\u0101 dien\u0101 m\u0113s jau dev\u0101mies uz kl\u012bniku. Taj\u0101 pa\u0161\u0101 dien\u0101 apmekl\u0113j\u0101m neirologu, logop\u0113du, veic\u0101m EEG (Elektroencofologrammu) doplerogr\u0101fiju galvas smadze\u0146u un kakla da\u013c\u0101, p\u0113c kura mums tika nor\u012bkots proced\u016bru kurss, kur\u0161 sast\u0101v\u0113ja no:\u201d Fast For Word\u201d integr\u0113ta ar programmu Interactive metronome, TKMP (Mikropolariz\u0101cija) un \u0101rstniecisk\u0101s fizkult\u016bras un mas\u0101\u017eas kurss. Katra nodarb\u012bba nesa mums nelielus uzlabojumus, kas kopum\u0101 ir liels atsp\u0113riens turpm\u0101kai att\u012bst\u012bbai. P\u0113c rehabilit\u0101cijas  kursa Uldim ir sast\u0101d\u012bts rekomend\u0101ciju saraksts t\u0101l\u0101kai vesel\u012bbas uzlabo\u0161anai: medikamentu kurss, regul\u0101ras fizisk\u0101s nodarb\u012bbas, logop\u0113ds, m\u016bzikas terapijas un konsult\u0101cijas pie citiem speci\u0101listiem.<br \/>\nKopum\u0101 p\u0113c diviem braucieniem uz kl\u012bniku, z\u0113n\u0101 var redz\u0113t \u013coti lielas izmai\u0146as, esam paliku\u0161i mier\u012bgi uz liet\u0101m, kuras pirms tam mums izrais\u012bju\u0161as uztraukumu, m\u0113s protam uztur\u0113t acu kontaktu un komunic\u0113t ar apk\u0101rt\u0113jiem, iesaistamies lomu sp\u0113l\u0113s.<br \/>\nGrib\u0113tu pateikt lielu paldies\u201dAutisma atbalsta punkts R\u0113zekne\u201d- Edgaram \u0160ilinam par ziedojumu kampa\u0146as un brauciena organiz\u0113\u0161anu, paldies viesiem ziedot\u0101jiem, paldies \u0123imenei, draugiem un kol\u0113\u0123iem. Ar J\u016bsu neizsak\u0101mo sirds siltumu, rodas iesp\u0113ja dz\u012bvot, augt un att\u012bst\u012bties. Paldies!<br \/>\nUlda mamma,Oksana<br \/>\n<\/p>","protected":false},"excerpt":{"rendered":"<p>\u0160\u012b gada august\u0101 mums bija iesp\u0113ja doties uz Krievijas kl\u012bniku \u201cDoktr\u012bna\u201duz atk\u0101rtotu divu ned\u0113\u013cu rehabilit\u0101cijas kursu. Ar jaun\u0101s dienas s\u0101kumu, ar jauniem sp\u0113kiem, n\u0101kamaj\u0101 dien\u0101 m\u0113s jau dev\u0101mies uz kl\u012bniku. Taj\u0101 pa\u0161\u0101 dien\u0101 apmekl\u0113j\u0101m neirologu, logop\u0113du, veic\u0101m EEG (Elektroencofologrammu) doplerogr\u0101fiju galvas smadze\u0146u un kakla da\u013c\u0101, p\u0113c kura mums tika nor\u012bkots proced\u016bru kurss, kur\u0161 sast\u0101v\u0113ja no:\u201d [&hellip;]<\/p>\n","protected":false},"author":1,"featured_media":41880,"comment_status":"closed","ping_status":"closed","sticky":false,"template":"","format":"standard","meta":{"ngg_post_thumbnail":0,"_bbp_topic_count":0,"_bbp_reply_count":0,"_bbp_total_topic_count":0,"_bbp_total_reply_count":0,"_bbp_voice_count":0,"_bbp_anonymous_reply_count":0,"_bbp_topic_count_hidden":0,"_bbp_reply_count_hidden":0,"_bbp_forum_subforum_count":0},"categories":[1],"tags":[],"_links":{"self":[{"href":"https:\/\/www.autismapunktsrezekne.lv\/lv\/wp-json\/wp\/v2\/posts\/41879"}],"collection":[{"href":"https:\/\/www.autismapunktsrezekne.lv\/lv\/wp-json\/wp\/v2\/posts"}],"about":[{"href":"https:\/\/www.autismapunktsrezekne.lv\/lv\/wp-json\/wp\/v2\/types\/post"}],"author":[{"embeddable":true,"href":"https:\/\/www.autismapunktsrezekne.lv\/lv\/wp-json\/wp\/v2\/users\/1"}],"replies":[{"embeddable":true,"href":"https:\/\/www.autismapunktsrezekne.lv\/lv\/wp-json\/wp\/v2\/comments?post=41879"}],"version-history":[{"count":1,"href":"https:\/\/www.autismapunktsrezekne.lv\/lv\/wp-json\/wp\/v2\/posts\/41879\/revisions"}],"predecessor-version":[{"id":41881,"href":"https:\/\/www.autismapunktsrezekne.lv\/lv\/wp-json\/wp\/v2\/posts\/41879\/revisions\/41881"}],"wp:featuredmedia":[{"embeddable":true,"href":"https:\/\/www.autismapunktsrezekne.lv\/lv\/wp-json\/wp\/v2\/media\/41880"}],"wp:attachment":[{"href":"https:\/\/www.autismapunktsrezekne.lv\/lv\/wp-json\/wp\/v2\/media?parent=41879"}],"wp:term":[{"taxonomy":"category","embeddable":true,"href":"https:\/\/www.autismapunktsrezekne.lv\/lv\/wp-json\/wp\/v2\/categories?post=41879"},{"taxonomy":"post_tag","embeddable":true,"href":"https:\/\/www.autismapunktsrezekne.lv\/lv\/wp-json\/wp\/v2\/tags?post=41879"}],"curies":[{"name":"wp","href":"https:\/\/api.w.org\/{rel}","templated":true}]}}