{"id":450,"date":"2015-04-17T09:06:47","date_gmt":"2015-04-17T07:06:47","guid":{"rendered":"http:\/\/aapr.ms-idi.eu\/?p=450"},"modified":"2015-07-19T11:45:04","modified_gmt":"2015-07-19T09:45:04","slug":"projekts-pavasara-noskana-daba","status":"publish","type":"post","link":"https:\/\/www.autismapunktsrezekne.lv\/lv\/projekts-pavasara-noskana-daba\/","title":{"rendered":"Projekts &#8211; \u201ePavasara noska\u0146a dab\u0101\u201d"},"content":{"rendered":"<p>\u0160\u012b gada 28.mart\u0101 biedr\u012bba \u201eAutisma atbalsta punkts R\u0113zekn\u0113\u201d \u012bstenoja projektu \u201ePavasara noska\u0146a dab\u0101\u201d aktivit\u0101tes \u201eVidei draudz\u012bga dz\u012bvesveida populariz\u0113\u0161anas pas\u0101kumi\u201d ietvaros. Biedr\u012bba organiz\u0113ja izbraucienu dab\u0101 uz atp\u016btas vietu \u201eP\u0113rtnieki\u201d, kur\u0101 piedal\u012bj\u0101s ne vien pa\u0161i b\u0113rni, bet ar\u012b vi\u0146u vec\u0101ki, br\u0101\u013ci un m\u0101sas. Ikvienam tika dota iesp\u0113ja ne tikai apskat\u012bt kr\u0101\u0161\u0146o apk\u0101rt\u0113jo vidi, bet ar\u012b baud\u012bt kop\u0101 b\u016b\u0161anas prieku, realiz\u0113jot projekta galveno m\u0113r\u0137i &#8211; putnu barotavu izgatavo\u0161anu un uzst\u0101d\u012b\u0161anu. T\u0101d\u0101 veid\u0101 b\u0113rni ar autiska spektra trauc\u0113jumiem iem\u0101c\u012bj\u0101s pa\u0161i sav\u0101m rok\u0101m pagatavot putnu barotavas, darboties ar \u0101muru un nagl\u0101m, att\u012bst\u012bja prasmi pa\u0161iem \u012bstenot savas ieceres realit\u0101t\u0113. Projekta ietvaros tika paredz\u0113ta ar\u012b izgl\u012btojo\u0161as inform\u0101cijas snieg\u0161ana par dab\u0101 notieko\u0161ajiem dz\u012bv\u012bbas procesiem un noris\u0113m.<\/p>\n<p>Biedr\u012bba \u201eAutisma atbalsta punkts R\u0113zekn\u0113\u201d v\u0113las pateikties vis\u0101m \u0123imen\u0113m, kas piedal\u012bj\u0101s projekt\u0101 \u201ePavasara noska\u0146a dab\u0101\u201d, k\u0101 ar\u012b Latvijas vides fonda aizsardz\u012bbas administr\u0101cijai, Draugu centram, Aigaram Novikam par pal\u012bdz\u012bbu putnu barotavu sagatavju veido\u0161an\u0101 un izgl\u012btojo\u0161as lekcijas vad\u012b\u0161anu, Jurim Strengam par autopakalpojumiem. Liels paldies SIA \u201eVLAKON\u201d kolekt\u012bvam par laipno uz\u0146em\u0161anu atp\u016btas kompleks\u0101 \u201eP\u0113rtnieki\u201d, k\u0101 ar\u012b SIA \u201eProjekt\u0113\u0161anas birojs AUSTRUMI\u201d par sniegto l\u012bdzfinans\u0113jumu projekta realiz\u0113\u0161an\u0101.<\/p>\n<p>Atsevi\u0161\u0137s paldies j\u0101saka SIA \u201eTrans speed\u201d vad\u012bt\u0101jam Vadimam Varlamovam par neatsveramu pal\u012bdz\u012bbu biedr\u012bbas ieceru \u012bsteno\u0161an\u0101.<\/p>\n<p><!--more--><\/p>","protected":false},"excerpt":{"rendered":"<p>\u0160\u012b gada 28.mart\u0101 biedr\u012bba \u201eAutisma atbalsta punkts R\u0113zekn\u0113\u201d \u012bstenoja projektu \u201ePavasara noska\u0146a dab\u0101\u201d aktivit\u0101tes \u201eVidei draudz\u012bga dz\u012bvesveida populariz\u0113\u0161anas pas\u0101kumi\u201d ietvaros. Biedr\u012bba organiz\u0113ja izbraucienu dab\u0101 uz atp\u016btas vietu \u201eP\u0113rtnieki\u201d, kur\u0101 piedal\u012bj\u0101s ne vien pa\u0161i b\u0113rni, bet ar\u012b vi\u0146u vec\u0101ki, br\u0101\u013ci un m\u0101sas. Ikvienam tika dota iesp\u0113ja ne tikai apskat\u012bt kr\u0101\u0161\u0146o apk\u0101rt\u0113jo vidi, bet ar\u012b baud\u012bt kop\u0101 [&hellip;]<\/p>\n","protected":false},"author":1,"featured_media":452,"comment_status":"closed","ping_status":"closed","sticky":false,"template":"","format":"standard","meta":{"ngg_post_thumbnail":0,"_bbp_topic_count":0,"_bbp_reply_count":0,"_bbp_total_topic_count":0,"_bbp_total_reply_count":0,"_bbp_voice_count":0,"_bbp_anonymous_reply_count":0,"_bbp_topic_count_hidden":0,"_bbp_reply_count_hidden":0,"_bbp_forum_subforum_count":0},"categories":[1],"tags":[],"_links":{"self":[{"href":"https:\/\/www.autismapunktsrezekne.lv\/lv\/wp-json\/wp\/v2\/posts\/450"}],"collection":[{"href":"https:\/\/www.autismapunktsrezekne.lv\/lv\/wp-json\/wp\/v2\/posts"}],"about":[{"href":"https:\/\/www.autismapunktsrezekne.lv\/lv\/wp-json\/wp\/v2\/types\/post"}],"author":[{"embeddable":true,"href":"https:\/\/www.autismapunktsrezekne.lv\/lv\/wp-json\/wp\/v2\/users\/1"}],"replies":[{"embeddable":true,"href":"https:\/\/www.autismapunktsrezekne.lv\/lv\/wp-json\/wp\/v2\/comments?post=450"}],"version-history":[{"count":8,"href":"https:\/\/www.autismapunktsrezekne.lv\/lv\/wp-json\/wp\/v2\/posts\/450\/revisions"}],"predecessor-version":[{"id":776,"href":"https:\/\/www.autismapunktsrezekne.lv\/lv\/wp-json\/wp\/v2\/posts\/450\/revisions\/776"}],"wp:featuredmedia":[{"embeddable":true,"href":"https:\/\/www.autismapunktsrezekne.lv\/lv\/wp-json\/wp\/v2\/media\/452"}],"wp:attachment":[{"href":"https:\/\/www.autismapunktsrezekne.lv\/lv\/wp-json\/wp\/v2\/media?parent=450"}],"wp:term":[{"taxonomy":"category","embeddable":true,"href":"https:\/\/www.autismapunktsrezekne.lv\/lv\/wp-json\/wp\/v2\/categories?post=450"},{"taxonomy":"post_tag","embeddable":true,"href":"https:\/\/www.autismapunktsrezekne.lv\/lv\/wp-json\/wp\/v2\/tags?post=450"}],"curies":[{"name":"wp","href":"https:\/\/api.w.org\/{rel}","templated":true}]}}