{"id":818,"date":"2015-09-25T08:20:48","date_gmt":"2015-09-25T06:20:48","guid":{"rendered":"http:\/\/www.autismsrezekne.lv\/?p=818"},"modified":"2015-09-25T08:34:04","modified_gmt":"2015-09-25T06:34:04","slug":"divkart-ipasie-berni","status":"publish","type":"post","link":"https:\/\/www.autismapunktsrezekne.lv\/lv\/divkart-ipasie-berni\/","title":{"rendered":"DIVK\u0100RT \u012aPA\u0160IE B\u0112RNI"},"content":{"rendered":"<p><\/br><br \/>\n<\/br><br \/>\n<\/br><\/p>\n<p>Latvijas Autisma apvien\u012bba nodod J\u016bsu rok\u0101s elektronisko gr\u0101matu &#8220;Divk\u0101rt \u012bpa\u0161ie b\u0113rni&#8221;, jeb apd\u0101vin\u0101tie b\u0113rni ar AST skol\u0101&#8221;, kas tapusi sadarb\u012bb\u0101 ar kl\u012bnisko psiholo\u0123i Zani Kronbergu, topo\u0161o psiholo\u0123i Sintiju \u0112rgli, fondu ASNI un daudziem citiem.<\/p>\n<p><\/br><br \/>\n<\/br><br \/>\n<\/br><\/p>\n<p><a href=\"http:\/\/www.autismsrezekne.lv\/wp-content\/uploads\/2015\/09\/divkart-ipasie-berni-2015.pdf\" target=\"_blank\">ipasie-berni-2015.pdf<\/a><\/p>","protected":false},"excerpt":{"rendered":"<p>Latvijas Autisma apvien\u012bba nodod J\u016bsu rok\u0101s elektronisko gr\u0101matu &#8220;Divk\u0101rt \u012bpa\u0161ie b\u0113rni&#8221;, jeb apd\u0101vin\u0101tie b\u0113rni ar AST skol\u0101&#8221;, kas tapusi sadarb\u012bb\u0101 ar kl\u012bnisko psiholo\u0123i Zani Kronbergu, topo\u0161o psiholo\u0123i Sintiju \u0112rgli, fondu ASNI un daudziem citiem. ipasie-berni-2015.pdf<\/p>\n","protected":false},"author":1,"featured_media":820,"comment_status":"closed","ping_status":"closed","sticky":false,"template":"","format":"standard","meta":{"ngg_post_thumbnail":0,"_bbp_topic_count":0,"_bbp_reply_count":0,"_bbp_total_topic_count":0,"_bbp_total_reply_count":0,"_bbp_voice_count":0,"_bbp_anonymous_reply_count":0,"_bbp_topic_count_hidden":0,"_bbp_reply_count_hidden":0,"_bbp_forum_subforum_count":0},"categories":[1],"tags":[],"_links":{"self":[{"href":"https:\/\/www.autismapunktsrezekne.lv\/lv\/wp-json\/wp\/v2\/posts\/818"}],"collection":[{"href":"https:\/\/www.autismapunktsrezekne.lv\/lv\/wp-json\/wp\/v2\/posts"}],"about":[{"href":"https:\/\/www.autismapunktsrezekne.lv\/lv\/wp-json\/wp\/v2\/types\/post"}],"author":[{"embeddable":true,"href":"https:\/\/www.autismapunktsrezekne.lv\/lv\/wp-json\/wp\/v2\/users\/1"}],"replies":[{"embeddable":true,"href":"https:\/\/www.autismapunktsrezekne.lv\/lv\/wp-json\/wp\/v2\/comments?post=818"}],"version-history":[{"count":8,"href":"https:\/\/www.autismapunktsrezekne.lv\/lv\/wp-json\/wp\/v2\/posts\/818\/revisions"}],"predecessor-version":[{"id":828,"href":"https:\/\/www.autismapunktsrezekne.lv\/lv\/wp-json\/wp\/v2\/posts\/818\/revisions\/828"}],"wp:featuredmedia":[{"embeddable":true,"href":"https:\/\/www.autismapunktsrezekne.lv\/lv\/wp-json\/wp\/v2\/media\/820"}],"wp:attachment":[{"href":"https:\/\/www.autismapunktsrezekne.lv\/lv\/wp-json\/wp\/v2\/media?parent=818"}],"wp:term":[{"taxonomy":"category","embeddable":true,"href":"https:\/\/www.autismapunktsrezekne.lv\/lv\/wp-json\/wp\/v2\/categories?post=818"},{"taxonomy":"post_tag","embeddable":true,"href":"https:\/\/www.autismapunktsrezekne.lv\/lv\/wp-json\/wp\/v2\/tags?post=818"}],"curies":[{"name":"wp","href":"https:\/\/api.w.org\/{rel}","templated":true}]}}