{"id":841,"date":"2015-09-25T13:05:56","date_gmt":"2015-09-25T11:05:56","guid":{"rendered":"http:\/\/www.autismsrezekne.lv\/?p=841"},"modified":"2015-09-27T15:56:00","modified_gmt":"2015-09-27T13:56:00","slug":"vasaras-diennakts-nometne-dabas-dziednieciskais-speks-berniem-ar-ipasam-vajadzibam","status":"publish","type":"post","link":"https:\/\/www.autismapunktsrezekne.lv\/lv\/vasaras-diennakts-nometne-dabas-dziednieciskais-speks-berniem-ar-ipasam-vajadzibam\/","title":{"rendered":"Vasaras diennakts nometne \u201eDabas dziednieciskais sp\u0113ks\u201d"},"content":{"rendered":"<p>Jau otro gadu p\u0113c k\u0101rtas biedr\u012bba \u201eAutisma atbalsta punkts R\u0113zekn\u0113\u201d, sadarb\u012bb\u0101 ar Latvijas vides aizsardz\u012bbas fonda administr\u0101ciju un rehabilit\u0101cijas centru <!--more-->\u201eR\u0101zna\u201d, organiz\u0113ja vasaras diennakts nometni \u201eDabas dziednieciskais sp\u0113ks\u201d b\u0113rniem ar \u012bpa\u0161\u0101m vajadz\u012bb\u0101m, kas \u0161ogad norisin\u0101j\u0101s no 20. l\u012bdz 31. j\u016blijam. Nometn\u0113 pulc\u0113j\u0101s da\u017e\u0101da vecuma b\u0113rni vecum\u0101 no 5 l\u012bdz 14 gadiem. B\u0113rni bija gan no R\u0113zeknes, R\u0113zeknes novada, Daugavpils, L\u012bv\u0101niem, Baldones un R\u012bgas. Ciemoj\u0101s ar\u012b meitene ar vec\u0101kiem no \u012arijas.<br \/>\nNometnes galven\u0101s priorit\u0101tes bija \u012bpa\u0161a b\u0113rnu rehabilit\u0101cija, kop\u0101 darbo\u0161an\u0101s un b\u016b\u0161anas prieks, pieaicin\u0101to speci\u0101listu un ciemi\u0146u darbo\u0161an\u0101s. Nometnes organizatori bija par\u016bp\u0113ju\u0161ies, lai katra diena b\u0113rniem un vec\u0101kiem b\u016btu interesanta un darb\u012bga. R\u012bta pus\u0113 b\u0113rni apmekl\u0113ja rehabilit\u0101cijas proced\u016bras: s\u0101lsistabu, mas\u0101\u017eas, fizioterapijas, burbu\u013cvannu, ergoterapeitu nodarb\u012bbas. Nometnes organizatori Edgars un Sandra kop\u012bgi draudz\u012bg\u0101 sadarb\u012bb\u0101 ar b\u0113rnu vec\u0101kiem divu ned\u0113\u013cu garum\u0101 vad\u012bja b\u0113rniem da\u017e\u0101das aktivit\u0101tes, bija gan krekli\u0146u apglezno\u0161ana ar speci\u0101lajiem flomasteriem, gan skaisto pap\u012bra salve\u0161u bumbu\u013cu izveido\u0161ana, gan da\u017e\u0101du kr\u0101saino ilustr\u0101ciju un mandalu kr\u0101so\u0161ana, dekorat\u012bvo, dekup\u0101\u017eas stila burci\u0146u apl\u012bm\u0113\u0161ana, kas p\u0101rtapa par skaistiem sve\u010dtur\u012b\u0161iem. Interesanti un gaum\u012bgi san\u0101ca r\u0101m\u012b\u0161i no kartona un makaroniem, kuri tika speci\u0101li nop\u016bsti ar sudraba kr\u0101su, bija ar\u012b interesanti lidojo\u0161ie \u0161\u0137\u012bv\u012b\u0161i, kurus b\u0113rni un vec\u0101ki darin\u0101ja kop\u0101, k\u0101 ar\u012b b\u0113rni rakst\u012bja savus un vec\u0101ku v\u0101rdus uz skaistaj\u0101m aplik\u0101ciju rudens lap\u0101m. Nometn\u0113 bija ne tikai rado\u0161\u0101 darb\u012bba, bet ar\u012b \u016bdenspisto\u013cu slapj\u0101s kaujas, kuru laik\u0101 b\u0113rni izpriec\u0101j\u0101s no sirds, bet ar\u012b vec\u0101ki atgriez\u0101s b\u0113rn\u012bb\u0101 un vi\u0146u sej\u0101s uzplauka smaids. Bija ar\u012b batuti b\u0113rniem, kur ikviens nometnes dal\u012bbnieks izl\u0113k\u0101j\u0101s l\u012bdz pat\u012bkamam p\u0101rgurumam neskatoties uz to, ka laikapst\u0101k\u013ci todien nelutin\u0101ja, t\u0101p\u0113c vakarpus\u0113 tika organiz\u0113ta kop\u012bg\u0101 t\u0113jas dzer\u0161ana un sild\u012b\u0161an\u0101s zem seg\u0101m, skatoties multfilmas. Bija ar\u012b sporta sp\u0113les, \u016bdenspeldes ezer\u0101, kur b\u0113rni \u0161\u013cakst\u012bj\u0101s, laist\u012bj\u0101s, v\u0101ca akmenti\u0146us un \u016bdensrozes. Vakaros bija kop\u012bga \u0161\u016bpo\u0161an\u0101s veclaic\u012bgaj\u0101s \u0161\u016bpol\u0113s.<br \/>\nNometnes laik\u0101 bija ar\u012b divi pikniki &#8211; viens ezera krast\u0101, kur b\u0113rni baroja zivti\u0146as un cepa desi\u0146as, un otrs &#8211; nometnes nosl\u0113gum\u0101 kop\u0101 ar \u201eDraugu centru\u201d. Dien\u0101 nometnes \u201eDabas dziednieciskais sp\u0113ks\u201d dal\u012bbnieki un \u201eDraugu centrs\u201d dev\u0101s neaizmirstam\u0101 ekskursij\u0101 uz Lub\u0101nu, kur b\u0113rni un vec\u0101ki k\u0101pa b\u0101k\u0101, v\u0113roja skaisto skatu un izstaig\u0101ja visu teritoriju, pasp\u0113l\u0113j\u0101s b\u0113rnu laukum\u0101 un noklaus\u012bj\u0101s Lub\u0101nas tap\u0161anas v\u0113sturi un apmekl\u0113ja keramikas izst\u0101di, tad kop\u0101 dev\u0101s atpaka\u013c uz R\u0101znu turpin\u0101t kop\u012bgu pikniku un izklaides, kuru laik\u0101 \u201eDraugu centra\u201d meitenes kop\u0101 ar vec\u0101kiem un b\u0113rniem kr\u0101soja b\u0113rnu sejas, p\u016bta burbu\u013cus, sp\u0113l\u0113ja da\u017e\u0101das sporta aktivit\u0101tes un kl\u0101ja galdus, cepa desi\u0146as, z\u012bm\u0113ja kop\u012bgu pirksti\u0146u nospiedumu koku: \u201eKop\u0101 m\u0113s varam un dar\u0101m\u201d.<br \/>\nBez tam, nometn\u0113 ciemoj\u0101s Dabas izgl\u012bt\u012bbas centra (DIC) \u201eR\u0101zna\u201d p\u0101rst\u0101ves, kuras pied\u0101v\u0101ja b\u0113rniem da\u017e\u0101das nodarb\u012bbas ar atrakt\u012bviem uzdevumiem un vides sp\u0113l\u0113m par \u012bpa\u0161i aizsarg\u0101jam\u0101m dabas teritorij\u0101m, biotopiem, bie\u017ei sastopam\u0101m un aizsarg\u0101jam\u0101m sug\u0101m.<br \/>\nLielu interesi izpeln\u012bj\u0101s SIA \u201eDeserto\u201d smil\u0161u kino. B\u0113rni gan z\u012bm\u0113ja pa\u0161i, gan ar\u012b gatavoja smil\u0161u kart\u012btes, visi bija \u013coti aizr\u0101vu\u0161ies un priec\u012bgi ar darba procesu. \u0160aj\u0101 dien\u0101 viesoj\u0101s ar\u012b vec\u0101ki ar meiteni Vendiju no \u012arijas, kuri ir seni biedr\u012bbas \u201eAutisma atbalsta punkts R\u0113zekn\u0113\u201d draugi un kuru mamma past\u0101st6\u012bja vec\u0101kiem par b\u0113rnu ar autiska spektra trauc\u0113jumiem dz\u012bvi \u012arij\u0101, kas krasi at\u0161\u0137iras no m\u016bsu b\u0113rnu dz\u012bves Latvij\u0101.<br \/>\nNometnes beig\u0101s biedr\u012bbas \u201eAutisma atbalsta punkts R\u0113zekn\u0113\u201d organizatori bija par\u016bp\u0113ju\u0161ies par skaist\u0101m d\u0101vani\u0146\u0101m un diplomiem b\u0113rniem.<br \/>\nNometnes beig\u0101s tika palaisti gais\u0101 katras \u0123imenes nu jau par trad\u012bciju k\u013cuvu\u0161ie gais\u0101 dego\u0161ie luktur\u012b\u0161i. Aizlidojot katram luktur\u012btim, sirdi pild\u012bja prieks par kop\u012bgi pavad\u012bto laiku un cer\u012bba n\u0101kotn\u0113, ka reiz ar\u012b pa\u0161u b\u0113rni b\u016bs zin\u0101ma sabiedr\u012bbas da\u013ca. Liels paldies katram vec\u0101kam un b\u0113rniem par draudz\u012bbu, sapratni un kop\u0101 b\u016b\u0161anas rad\u012btprasmi. Kop\u0101 m\u016bsu s\u016br\u0101s ikdienas divu ned\u0113\u013cu laik\u0101 k\u013cuva gai\u0161\u0101kas un par\u0101d\u012bj\u0101s optimistisk\u0101ks skats n\u0101kotn\u0113. Nometnes laik\u0101 ar\u012b vec\u0101kiem bija iesp\u0113ja katru vakaru san\u0101kt kop\u0101, izrun\u0101ties, veikt psiholo\u0123iskos testus un atrakt\u012bvas izklaides.<br \/>\nLiels paldies Marikai Antonovai par vi\u0146as sniegtaj\u0101m kust\u012bbu terapijas nodarb\u012bb\u0101m un vi\u0146as Ludzas b\u0113rnu te\u0101trim par skaisto izr\u0101di un kop\u012bgo sadarb\u012bbu ar m\u016bsu b\u0113rniem un vec\u0101kiem. Paldies ar\u012b m\u016bzikas terapeitei An\u017eellai Pacevi\u010dai, kuras m\u016bzikas nodarb\u012bbas priec\u0113ja katru b\u0113rnu un kura sp\u0113ja rast kontaktu ar ikvienu. Paldies Laurai, kura bija draudz\u012bga, atsauc\u012bga, sirsn\u012bga un izdom\u0101ja interesantus uzdevumus m\u016bsu b\u0113rniem, kura nenobij\u0101s un sadarboj\u0101s, guva pieredzi. Paldies rehabilit\u0101cijas centra \u201eR\u0101zna\u201d kolekt\u012bvam, darbiniekiem par sapratni, sadarb\u012bbu un darbo\u0161anos ar m\u016bsu b\u0113rniem.<br \/>\nPaldies ar\u012b sakam \u201eDraugu centram\u201d, Vas\u012blijam Pukinskis par sniegtajiem transporta pakalpojumiem, k\u0101 ar\u012b Ivaram Daugulim par atrakt\u012bviem p\u0101rsteigumiem, k\u0101 ar\u012b SIA \u201eMS-IDI\u201d, SIA \u201eProjekt\u0113\u0161anas birojs AUSTRUMI\u201d un L\u012bv\u0101nu novada domei par sniegto atbalstu.<br \/>\nLai mums kop\u0101 pietiek sp\u0113ka, neatlaid\u012bbas audzinot m\u016bsu \u012bpa\u0161os b\u0113rnus Latvij\u0101!<\/p>\n<p>Biedr\u012bbas \u201eAutisma atbalsta punkts R\u0113zekn\u0113\u201d<br \/>\nValdes priek\u0161s\u0113d\u0113t\u0101ja<br \/>\nSandra Bi\u010dkova-\u0160ilina<\/p>","protected":false},"excerpt":{"rendered":"<p>Jau otro gadu p\u0113c k\u0101rtas biedr\u012bba \u201eAutisma atbalsta punkts R\u0113zekn\u0113\u201d, sadarb\u012bb\u0101 ar Latvijas vides aizsardz\u012bbas fonda administr\u0101ciju un rehabilit\u0101cijas centru<\/p>\n","protected":false},"author":1,"featured_media":851,"comment_status":"closed","ping_status":"closed","sticky":false,"template":"","format":"standard","meta":{"ngg_post_thumbnail":0,"_bbp_topic_count":0,"_bbp_reply_count":0,"_bbp_total_topic_count":0,"_bbp_total_reply_count":0,"_bbp_voice_count":0,"_bbp_anonymous_reply_count":0,"_bbp_topic_count_hidden":0,"_bbp_reply_count_hidden":0,"_bbp_forum_subforum_count":0},"categories":[1],"tags":[],"_links":{"self":[{"href":"https:\/\/www.autismapunktsrezekne.lv\/lv\/wp-json\/wp\/v2\/posts\/841"}],"collection":[{"href":"https:\/\/www.autismapunktsrezekne.lv\/lv\/wp-json\/wp\/v2\/posts"}],"about":[{"href":"https:\/\/www.autismapunktsrezekne.lv\/lv\/wp-json\/wp\/v2\/types\/post"}],"author":[{"embeddable":true,"href":"https:\/\/www.autismapunktsrezekne.lv\/lv\/wp-json\/wp\/v2\/users\/1"}],"replies":[{"embeddable":true,"href":"https:\/\/www.autismapunktsrezekne.lv\/lv\/wp-json\/wp\/v2\/comments?post=841"}],"version-history":[{"count":11,"href":"https:\/\/www.autismapunktsrezekne.lv\/lv\/wp-json\/wp\/v2\/posts\/841\/revisions"}],"predecessor-version":[{"id":855,"href":"https:\/\/www.autismapunktsrezekne.lv\/lv\/wp-json\/wp\/v2\/posts\/841\/revisions\/855"}],"wp:featuredmedia":[{"embeddable":true,"href":"https:\/\/www.autismapunktsrezekne.lv\/lv\/wp-json\/wp\/v2\/media\/851"}],"wp:attachment":[{"href":"https:\/\/www.autismapunktsrezekne.lv\/lv\/wp-json\/wp\/v2\/media?parent=841"}],"wp:term":[{"taxonomy":"category","embeddable":true,"href":"https:\/\/www.autismapunktsrezekne.lv\/lv\/wp-json\/wp\/v2\/categories?post=841"},{"taxonomy":"post_tag","embeddable":true,"href":"https:\/\/www.autismapunktsrezekne.lv\/lv\/wp-json\/wp\/v2\/tags?post=841"}],"curies":[{"name":"wp","href":"https:\/\/api.w.org\/{rel}","templated":true}]}}