{"id":84948,"date":"2019-09-26T10:00:41","date_gmt":"2019-09-26T08:00:41","guid":{"rendered":"http:\/\/www.autismsrezekne.lv\/?p=84948"},"modified":"2019-09-26T10:00:41","modified_gmt":"2019-09-26T08:00:41","slug":"aizraujosais-celojums-uz-siguldu","status":"publish","type":"post","link":"https:\/\/www.autismapunktsrezekne.lv\/lv\/aizraujosais-celojums-uz-siguldu\/","title":{"rendered":"AIZRAUJO\u0160AIS CE\u013bOJUMS UZ SIGULDU!"},"content":{"rendered":"<p>Kam\u0113r R\u0113zeknes pils\u0113t\u0101 un t\u0101s apk\u0101rtn\u0113 vald\u012bja lietus, krusa un p\u0113rkons, m\u016bsu biedr\u012bbas \u2018\u2019Autisma atbalsta punkts R\u0113zekn\u0113\u2019\u2019 b\u0113rni un vi\u0146u vec\u0101ki 14. Septembra r\u012bt\u0101, neskatoties uz laika apst\u0101k\u013ciem, dev\u0101s ekskursij\u0101 uz Siguldas pusi.<br \/>\nSas\u0113\u017eoties visiem pa viet\u0101m, autobuss dev\u0101s caur Gulbeni uz m\u016bsu pirmo apskates objektu, kas atrodas Siguldas novada Mores pagast\u0101 &#8211; Mores muzeju \u2018\u2019Kalna Ka\u0146\u0113nos\u2019\u2019. Jau tuvojoties muzejam m\u016bsu uzman\u012bbu piesaist\u012bja Sarkan\u0101s armijas tanks T-34, kas ie\u0146em centr\u0101lo vietu muzeja br\u012bvdabas ekspoz\u012bcij\u0101. Protams b\u0113rnu uzman\u012bbu piesaist\u012bja ar\u012b motocikli, kurus ar\u012b uzskat\u012bj\u0101m, k\u0101 muzeja ekspon\u0101tus, bet izr\u0101d\u0101s, ka viesi bija atbrauku\u0161i. \u0160eit var\u0113j\u0101m apskat\u012bties da\u017e\u0101das Sarkan\u0101s armijas kara laiku un p\u0113ckara tehnikas vien\u012bbas, v\u0101cu virszemes bunkurus, karav\u012bru virtuves katlu, vienk\u0101r\u0161i pa\u0161\u016bpoties uz \u0161\u016bpol\u0113m vai ar\u012b pas\u0113d\u0113t uz soli\u0146iem un klus\u012bb\u0101 pav\u0113rot nelielo d\u012b\u0137\u012bti un t\u0101s skaisto apk\u0101rtni, kas ir turpat pie muzeja. Pa\u0161i drosm\u012bg\u0101kie mekl\u0113ja iesp\u0113ju uzk\u0101pt uz tanka, k\u0101 izr\u0101d\u012bj\u0101s tom\u0113r var un tas ar\u012b piepras\u012bja piep\u016bli gan uzk\u0101pjot, gan nok\u0101pjot. Satik\u0101m ar\u012b pie muzeja pa\u0161u vec\u0101ko ma\u0161\u012bnu \u2018\u2019Vil\u012bti\u2019\u2019, pie kura var\u0113j\u0101m tikai nobild\u0113ties. Cit\u0101s veco laiku ma\u0161\u012bn\u0101s b\u0113rni var\u0113ja gan iek\u0101pt, gan ar\u012b st\u016bri pagroz\u012bt.<br \/>\nPa\u0161\u0101 muzeja pirmaj\u0101 st\u0101v\u0101 ekspoz\u012bcijas aptver 2.pasaules kara t\u0113mu. Ko tik m\u0113s tur var\u0113j\u0101m apskat\u012bt gan iero\u010dus, gan bultas, gan karav\u012bru t\u0113rpus un daudz ko citu. Muzeja otr\u0101 st\u0101v\u0101 bija apkopoti m\u0101jsaimniec\u012bbas un amatniec\u012bbas priek\u0161meti, novada amatnieku darin\u0101jumu izst\u0101des un \u012bpa\u0161i suven\u012bri, ko var\u0113ja ieg\u0101d\u0101ties. Turpat net\u0101lu no muzeja atrodas ar\u012b safari parks, kur ar\u012b redz\u0113j\u0101m brie\u017eus.<br \/>\nT\u0101l\u0101k m\u0113s dev\u0101mies uz gaisa tro\u0161u ce\u013cu p\u0101r Gauju. Tas ir vien\u012bgais \u0161\u0101da veida gaisa tro\u0161u ce\u013c\u0161 Baltij\u0101. Vagoni\u0146\u0101 pav\u0113r\u0101s iespaid\u012bgas ainavas uz Gaujas ieleju, Turaidas pili, tiltu p\u0101r Gauju, Krimuldas mui\u017eu un Siguldas bobsleja un kamani\u0146u trasi. K\u0101 ar\u012b var sastapt l\u0101ci koka galotn\u0113! Brauciens vagoni\u0146\u0101 patika gan mazajiem, gan lielajiem!<br \/>\nT\u0101l\u0101k dev\u0101mies uz Turaidas muzejrezerv\u0101tu. Teiksim ir gabals ko iet, lai tiktu l\u012bdz pa\u0161ai pilij! Nodro\u0161in\u0101j\u0101mies ar bukletiem, kas maz l\u012bdz\u0113ja un dev\u0101mies ce\u013c\u0101 uz pili! Pa ce\u013cam apskat\u012bj\u0101m pirti, bazn\u012bcu, zivju audz\u0113tavu, Dainu kalnu, \u0101be\u013cd\u0101rzu &#8211; kur ar\u012b nogar\u0161oj\u0101m \u0101bol\u012b\u0161us. Non\u0101k\u0161ana l\u012bdz pilij mums bija \u012bsts p\u0101rbaud\u012bjums un k\u0101 ar\u012b sagatavojamies laic\u012bgi, lai var\u0113tu uzk\u0101pt pils torn\u012b. Ko ar\u012b m\u0113s paveic\u0101m ar kop\u012bgiem sp\u0113kiem! Skati no tor\u0146a uz leju ir tie\u0161\u0101m elpu aizraujo\u0161i! Sigulda tik tie\u0161\u0101m aizrauj!<br \/>\nM\u016bsu p\u0113d\u0113j\u0101 apskates vieta bija Gleznot\u0101ju jeb Parad\u012bzes kalns. No Gleznot\u0101jkalna v\u0113rojams skats 12 kilometru att\u0101lum\u0101. P\u0101ri ielejai paveras Turaidas pils tornis, lej\u0101, pamatkrasta piek\u0101j\u0113, saskat\u0101ma seno Kalna Klauku m\u0101ju vieta.<br \/>\nLielu un sirsn\u012bgu paldies sak\u0101m visiem dal\u012bbniekiem &#8211; gan maziem, gan lieliem, kas dev\u0101s kop\u012bgaj\u0101 braucien\u0101, k\u0101 ar\u012b sirsn\u012bgs paldies biedr\u012bbai \u201cAutisma atbalsta punkts R\u0113zekn\u0113\u201d dibin\u0101t\u0101jiem Edgaram un Sandrai par organiz\u0113to ekskursiju, k\u0101 ar\u012b sak\u0101m paldies m\u016bsu zino\u0161ajam un jaukajam autobusa \u0161ofer\u012btim Vas\u012blijam Pu\u0137inskim un m\u016bsu ilggad\u0113jam sadarb\u012bbas partnerim SIA &#8220;CEF Recruitment&#8221; par finansi\u0101lu atbalstu transporta izdevumu seg\u0161anai!<br \/>\nSanta, Kristera mamma<br \/>\n<\/p>","protected":false},"excerpt":{"rendered":"<p>Kam\u0113r R\u0113zeknes pils\u0113t\u0101 un t\u0101s apk\u0101rtn\u0113 vald\u012bja lietus, krusa un p\u0113rkons, m\u016bsu biedr\u012bbas \u2018\u2019Autisma atbalsta punkts R\u0113zekn\u0113\u2019\u2019 b\u0113rni un vi\u0146u vec\u0101ki 14. Septembra r\u012bt\u0101, neskatoties uz laika apst\u0101k\u013ciem, dev\u0101s ekskursij\u0101 uz Siguldas pusi. Sas\u0113\u017eoties visiem pa viet\u0101m, autobuss dev\u0101s caur Gulbeni uz m\u016bsu pirmo apskates objektu, kas atrodas Siguldas novada Mores pagast\u0101 &#8211; Mores muzeju [&hellip;]<\/p>\n","protected":false},"author":1,"featured_media":84949,"comment_status":"closed","ping_status":"closed","sticky":false,"template":"","format":"standard","meta":{"ngg_post_thumbnail":0,"_bbp_topic_count":0,"_bbp_reply_count":0,"_bbp_total_topic_count":0,"_bbp_total_reply_count":0,"_bbp_voice_count":0,"_bbp_anonymous_reply_count":0,"_bbp_topic_count_hidden":0,"_bbp_reply_count_hidden":0,"_bbp_forum_subforum_count":0},"categories":[1],"tags":[],"_links":{"self":[{"href":"https:\/\/www.autismapunktsrezekne.lv\/lv\/wp-json\/wp\/v2\/posts\/84948"}],"collection":[{"href":"https:\/\/www.autismapunktsrezekne.lv\/lv\/wp-json\/wp\/v2\/posts"}],"about":[{"href":"https:\/\/www.autismapunktsrezekne.lv\/lv\/wp-json\/wp\/v2\/types\/post"}],"author":[{"embeddable":true,"href":"https:\/\/www.autismapunktsrezekne.lv\/lv\/wp-json\/wp\/v2\/users\/1"}],"replies":[{"embeddable":true,"href":"https:\/\/www.autismapunktsrezekne.lv\/lv\/wp-json\/wp\/v2\/comments?post=84948"}],"version-history":[{"count":1,"href":"https:\/\/www.autismapunktsrezekne.lv\/lv\/wp-json\/wp\/v2\/posts\/84948\/revisions"}],"predecessor-version":[{"id":84950,"href":"https:\/\/www.autismapunktsrezekne.lv\/lv\/wp-json\/wp\/v2\/posts\/84948\/revisions\/84950"}],"wp:featuredmedia":[{"embeddable":true,"href":"https:\/\/www.autismapunktsrezekne.lv\/lv\/wp-json\/wp\/v2\/media\/84949"}],"wp:attachment":[{"href":"https:\/\/www.autismapunktsrezekne.lv\/lv\/wp-json\/wp\/v2\/media?parent=84948"}],"wp:term":[{"taxonomy":"category","embeddable":true,"href":"https:\/\/www.autismapunktsrezekne.lv\/lv\/wp-json\/wp\/v2\/categories?post=84948"},{"taxonomy":"post_tag","embeddable":true,"href":"https:\/\/www.autismapunktsrezekne.lv\/lv\/wp-json\/wp\/v2\/tags?post=84948"}],"curies":[{"name":"wp","href":"https:\/\/api.w.org\/{rel}","templated":true}]}}