{"id":873,"date":"2015-10-26T13:58:44","date_gmt":"2015-10-26T11:58:44","guid":{"rendered":"http:\/\/www.autismsrezekne.lv\/?p=873"},"modified":"2015-10-26T14:03:21","modified_gmt":"2015-10-26T12:03:21","slug":"projekts-lidosim-ka-putni-debesis","status":"publish","type":"post","link":"https:\/\/www.autismapunktsrezekne.lv\/lv\/projekts-lidosim-ka-putni-debesis\/","title":{"rendered":"PROJEKTS &#8220;LIDOSIM K\u0100 PUTNI DEBES\u012aS&#8221;"},"content":{"rendered":"<p>Ir atn\u0101cis rudens vis\u0101 sav\u0101 kr\u0101\u0161\u0146um\u0101. Ar savu kr\u0101saino lapkriti, ra\u017eas nov\u0101k\u0161anas darbiem un ruden\u012bgi spilgto saul\u012bti, kas mijas ar s\u0113\u0146u lietu. Dienas k\u013c\u016bst \u012bs\u0101kas un vakari gar\u0101ki. Bet tas netrauc\u0113ja biedr\u012bbas \u201eAutisma atbalsta<\/p>\n<p><!--more-->punkts R\u0113zekn\u0113\u201d \u0123imen\u0113m sav\u0101kties kop\u0101 un pavad\u012bt br\u012bni\u0161\u0137\u012bgu sestdienu.<br \/>\nPateicoties Latvijas vides aizsardz\u012bbas fonda, R\u0113zeknes pils\u0113tas domes un SIA \u201eProjekt\u0113\u0161anas birojs AUSTRUMI\u201d finansi\u0101lajam atbalstam, un, sadarbojoties ar biedr\u012bb\u0101m \u201eLatgales pilots\u201d un \u201ePar stpru \u0123imeni\u201d, k\u0101 ar\u012b ar jaunie\u0161u centru \u201eDraugu centrs\u201d, tika organiz\u0113ts izklaid\u0113jo\u0161s pas\u0101kums \u0123imen\u0113m, kuras audzina b\u0113rnus ar \u012bpa\u0161\u0101m vajadz\u012bb\u0101m. Diena s\u0101k\u0101s lidlauk\u0101 \u201eMe\u017e\u0101res\u201d. Dro\u0161ajiem pieder pasaule un m\u016bsu b\u0113rniem t\u0101 pieder viennoz\u012bm\u012bgi! Panor\u0101mas lidojumu laik\u0101 pav\u0113r\u0101s burv\u012bgi skati &#8211; t\u0101 bija iesp\u0113ja v\u0113rot Latgales ezerus, laukus un ruden\u012bgo dabu no putna lidojuma. Ikviena sej\u0101s bija redzams pat\u012bkams satraukums, kas mij\u0101s ar smaidu un mirdzo\u0161\u0101m ac\u012bm. Un nav pasaul\u0113 liel\u0101kas laimes redz\u0113t savu b\u0113rnu tik priec\u012bgu un saj\u016bsmin\u0101tu! T\u0101 bija iesp\u0113ja savienot pat\u012bkamo ar lietder\u012bgo, jo p\u0113c aizraujo\u0161ajiem lidojumiem b\u0113rniem tika sniegtas informat\u012bvas lekcijas, k\u0101 ar\u012b ekskursija pa lidlauku.<br \/>\nDienas turpin\u0101jum\u0101 bija izbrauciens un R\u0113zeknes kartodromu, kur nepiespiest\u0101 gaisotn\u0113 b\u0113rni var\u0113ja p\u0113c sirds patikas izbrauk\u0101ties ar velokartiem un piedal\u012bties da\u017e\u0101d\u0101s aktivit\u0101t\u0113s svaig\u0101 gais\u0101 (atrakcijas un sp\u0113les b\u0113rniem, kop\u012bga desi\u0146u cep\u0161ana, aktivit\u0101tes ar \u012bsto izpletni u.c.). Pas\u0101kuma beig\u0101s brauc\u0101m \u201eDraudz\u012bbas b\u0101n\u012bt\u012b\u201d un mekl\u0113j\u0101m laternas, kas veiksm\u012bgi tika palaistas gais\u0101. Par p\u0101rsteigumu par\u016bp\u0113j\u0101s Guntars Skudra ar \u0123imeni, kas sag\u0101d\u0101ja b\u0113rniem m\u012b\u013cas d\u0101vani\u0146as.<br \/>\nMilz\u012bgas paldies j\u0101saka vis\u0101m \u0123imen\u0113m, kas bija atbrauku\u0161as, k\u0101 ar\u012b paldies visiem, kas piedal\u012bj\u0101s \u0161\u012b pas\u0101kuma organiz\u0113\u0161an\u0101 un \u012bsteno\u0161an\u0101!<br \/>\nS\u012bk\u0101ka inform\u0101cija par biedr\u012bbu un t\u0101s realiz\u0113tajiem projektiem pieejama biedr\u012bbas m\u0101jaslap\u0101 www.autismsrezekne.lv<\/p>\n<p>Biedr\u012bbas v\u0101rd\u0101 \u2013<br \/>\nSamanta Gaile, Ren\u0101ra m\u0101mi\u0146a<\/p>","protected":false},"excerpt":{"rendered":"<p>Ir atn\u0101cis rudens vis\u0101 sav\u0101 kr\u0101\u0161\u0146um\u0101. Ar savu kr\u0101saino lapkriti, ra\u017eas nov\u0101k\u0161anas darbiem un ruden\u012bgi spilgto saul\u012bti, kas mijas ar s\u0113\u0146u lietu. Dienas k\u013c\u016bst \u012bs\u0101kas un vakari gar\u0101ki. Bet tas netrauc\u0113ja biedr\u012bbas \u201eAutisma atbalsta<\/p>\n","protected":false},"author":1,"featured_media":874,"comment_status":"closed","ping_status":"closed","sticky":false,"template":"","format":"standard","meta":{"ngg_post_thumbnail":0,"_bbp_topic_count":0,"_bbp_reply_count":0,"_bbp_total_topic_count":0,"_bbp_total_reply_count":0,"_bbp_voice_count":0,"_bbp_anonymous_reply_count":0,"_bbp_topic_count_hidden":0,"_bbp_reply_count_hidden":0,"_bbp_forum_subforum_count":0},"categories":[1],"tags":[],"_links":{"self":[{"href":"https:\/\/www.autismapunktsrezekne.lv\/lv\/wp-json\/wp\/v2\/posts\/873"}],"collection":[{"href":"https:\/\/www.autismapunktsrezekne.lv\/lv\/wp-json\/wp\/v2\/posts"}],"about":[{"href":"https:\/\/www.autismapunktsrezekne.lv\/lv\/wp-json\/wp\/v2\/types\/post"}],"author":[{"embeddable":true,"href":"https:\/\/www.autismapunktsrezekne.lv\/lv\/wp-json\/wp\/v2\/users\/1"}],"replies":[{"embeddable":true,"href":"https:\/\/www.autismapunktsrezekne.lv\/lv\/wp-json\/wp\/v2\/comments?post=873"}],"version-history":[{"count":4,"href":"https:\/\/www.autismapunktsrezekne.lv\/lv\/wp-json\/wp\/v2\/posts\/873\/revisions"}],"predecessor-version":[{"id":877,"href":"https:\/\/www.autismapunktsrezekne.lv\/lv\/wp-json\/wp\/v2\/posts\/873\/revisions\/877"}],"wp:featuredmedia":[{"embeddable":true,"href":"https:\/\/www.autismapunktsrezekne.lv\/lv\/wp-json\/wp\/v2\/media\/874"}],"wp:attachment":[{"href":"https:\/\/www.autismapunktsrezekne.lv\/lv\/wp-json\/wp\/v2\/media?parent=873"}],"wp:term":[{"taxonomy":"category","embeddable":true,"href":"https:\/\/www.autismapunktsrezekne.lv\/lv\/wp-json\/wp\/v2\/categories?post=873"},{"taxonomy":"post_tag","embeddable":true,"href":"https:\/\/www.autismapunktsrezekne.lv\/lv\/wp-json\/wp\/v2\/tags?post=873"}],"curies":[{"name":"wp","href":"https:\/\/api.w.org\/{rel}","templated":true}]}}