{"id":818,"date":"2015-09-25T08:20:48","date_gmt":"2015-09-25T06:20:48","guid":{"rendered":"http:\/\/www.autismsrezekne.lv\/?p=818"},"modified":"2015-09-25T08:34:04","modified_gmt":"2015-09-25T06:34:04","slug":"divkart-ipasie-berni","status":"publish","type":"post","link":"https:\/\/www.autismapunktsrezekne.lv\/ru\/divkart-ipasie-berni\/","title":{"rendered":"\u0414\u0432\u0430\u0436\u0434\u044b \u043e\u0441\u043e\u0431\u0435\u043d\u043d\u044b\u0435 \u0434\u0435\u0442\u0438"},"content":{"rendered":"<p><\/br><br \/>\n<\/br><br \/>\n<\/br><\/p>\n<p>\u041b\u0430\u0442\u0432\u0438\u0439\u0441\u043a\u0430\u044f \u0430\u0441\u043e\u0446\u0438\u0430\u0446\u0438\u044f \u0410\u0443\u0442\u0438\u0437\u043c\u0430 \u043f\u0435\u0440\u0435\u0434\u0430\u0451\u0442 \u0432\u0430\u043c \u0435\u043b\u0435\u043a\u0442\u0440\u043e\u043d\u043d\u0443\u044e \u043a\u043d\u0438\u0433\u0443 &#171;Divk\u0101rt \u012bpa\u0161ie b\u0113rni&#187;, \u043a\u043e\u0442\u043e\u0440\u0430\u044f \u043f\u043e\u0435\u0432\u0438\u043b\u0430\u0441\u044c \u0432 \u0441\u043e\u0442\u0440\u0443\u0434\u043d\u0435\u0447\u0435\u0441\u0442\u0432\u0435 \u0441 \u043f\u0441\u0438\u0445\u043e\u043b\u043e\u0433\u043e\u043c Zane Kronberga, \u0431\u0443\u0434\u0443\u0449\u0438\u043c \u043f\u0441\u0438\u0445\u043e\u043b\u043e\u0433\u043e\u043c Sintija \u0112rgle, \u0444\u043e\u043d\u0434\u043e\u043c &#171;ASNI&#187; \u0438 \u043c\u043d\u043e\u0433\u0438\u043c\u0438 \u0434\u0440\u0443\u0433\u0438\u043c\u0438.<\/p>\n<p><\/br><br \/>\n<\/br><br \/>\n<\/br><\/p>\n<p><a href=\"http:\/\/www.autismsrezekne.lv\/wp-content\/uploads\/2015\/09\/divkart-ipasie-berni-2015.pdf\" target=\"_blank\">ipasie-berni-2015.pdf<\/a><\/p>","protected":false},"excerpt":{"rendered":"<p>\u041b\u0430\u0442\u0432\u0438\u0439\u0441\u043a\u0430\u044f \u0430\u0441\u043e\u0446\u0438\u0430\u0446\u0438\u044f \u0410\u0443\u0442\u0438\u0437\u043c\u0430 \u043f\u0435\u0440\u0435\u0434\u0430\u0451\u0442 \u0432\u0430\u043c \u0435\u043b\u0435\u043a\u0442\u0440\u043e\u043d\u043d\u0443\u044e \u043a\u043d\u0438\u0433\u0443 &#171;Divk\u0101rt \u012bpa\u0161ie b\u0113rni&#187;, \u043a\u043e\u0442\u043e\u0440\u0430\u044f \u043f\u043e\u0435\u0432\u0438\u043b\u0430\u0441\u044c \u0432 \u0441\u043e\u0442\u0440\u0443\u0434\u043d\u0435\u0447\u0435\u0441\u0442\u0432\u0435 \u0441 \u043f\u0441\u0438\u0445\u043e\u043b\u043e\u0433\u043e\u043c Zane Kronberga, \u0431\u0443\u0434\u0443\u0449\u0438\u043c \u043f\u0441\u0438\u0445\u043e\u043b\u043e\u0433\u043e\u043c Sintija \u0112rgle, \u0444\u043e\u043d\u0434\u043e\u043c &#171;ASNI&#187; \u0438 \u043c\u043d\u043e\u0433\u0438\u043c\u0438 \u0434\u0440\u0443\u0433\u0438\u043c\u0438. ipasie-berni-2015.pdf<\/p>\n","protected":false},"author":1,"featured_media":820,"comment_status":"closed","ping_status":"closed","sticky":false,"template":"","format":"standard","meta":{"ngg_post_thumbnail":0,"_bbp_topic_count":0,"_bbp_reply_count":0,"_bbp_total_topic_count":0,"_bbp_total_reply_count":0,"_bbp_voice_count":0,"_bbp_anonymous_reply_count":0,"_bbp_topic_count_hidden":0,"_bbp_reply_count_hidden":0,"_bbp_forum_subforum_count":0},"categories":[1],"tags":[],"_links":{"self":[{"href":"https:\/\/www.autismapunktsrezekne.lv\/ru\/wp-json\/wp\/v2\/posts\/818"}],"collection":[{"href":"https:\/\/www.autismapunktsrezekne.lv\/ru\/wp-json\/wp\/v2\/posts"}],"about":[{"href":"https:\/\/www.autismapunktsrezekne.lv\/ru\/wp-json\/wp\/v2\/types\/post"}],"author":[{"embeddable":true,"href":"https:\/\/www.autismapunktsrezekne.lv\/ru\/wp-json\/wp\/v2\/users\/1"}],"replies":[{"embeddable":true,"href":"https:\/\/www.autismapunktsrezekne.lv\/ru\/wp-json\/wp\/v2\/comments?post=818"}],"version-history":[{"count":8,"href":"https:\/\/www.autismapunktsrezekne.lv\/ru\/wp-json\/wp\/v2\/posts\/818\/revisions"}],"predecessor-version":[{"id":828,"href":"https:\/\/www.autismapunktsrezekne.lv\/ru\/wp-json\/wp\/v2\/posts\/818\/revisions\/828"}],"wp:featuredmedia":[{"embeddable":true,"href":"https:\/\/www.autismapunktsrezekne.lv\/ru\/wp-json\/wp\/v2\/media\/820"}],"wp:attachment":[{"href":"https:\/\/www.autismapunktsrezekne.lv\/ru\/wp-json\/wp\/v2\/media?parent=818"}],"wp:term":[{"taxonomy":"category","embeddable":true,"href":"https:\/\/www.autismapunktsrezekne.lv\/ru\/wp-json\/wp\/v2\/categories?post=818"},{"taxonomy":"post_tag","embeddable":true,"href":"https:\/\/www.autismapunktsrezekne.lv\/ru\/wp-json\/wp\/v2\/tags?post=818"}],"curies":[{"name":"wp","href":"https:\/\/api.w.org\/{rel}","templated":true}]}}